{"id":1863,"date":"2018-07-02T23:34:00","date_gmt":"2018-07-03T02:34:00","guid":{"rendered":"http:\/\/blogdoedvaldomagalhaes.com.br\/index.php\/2018\/07\/02\/policial-militar-morre-em-acidente-na\/"},"modified":"2019-02-09T02:23:09","modified_gmt":"2019-02-09T04:23:09","slug":"policial-militar-morre-em-acidente-na","status":"publish","type":"post","link":"https:\/\/blogdoedvaldomagalhaes.com.br\/index.php\/2018\/07\/02\/policial-militar-morre-em-acidente-na\/","title":{"rendered":"Policial Militar morre em acidente na zona rural de Agrestina"},"content":{"rendered":"<div class=\"separator\" style=\"clear: both; text-align: center;\">\n<a href=\"https:\/\/1.bp.blogspot.com\/--D6v0-4mT-0\/Wzq2NuhOH0I\/AAAAAAAA1RY\/WbIo6c9kNZcBt1mwqdqXlrW9HCmgCk4kwCLcBGAs\/s1600\/IMG-20180702-WA0134.jpg\" imageanchor=\"1\" style=\"margin-left: 1em; margin-right: 1em;\"><img loading=\"lazy\" decoding=\"async\" border=\"0\" data-original-height=\"720\" data-original-width=\"1280\" height=\"360\" src=\"http:\/\/blogdoedvaldomagalhaes.com.br\/wp-content\/uploads\/2018\/07\/IMG-20180702-WA0134.jpg\" width=\"640\" \/><\/a><\/div>\n<p><\/p>\n<div style=\"text-align: justify;\">\nO acidente ocorreu na noite desta segunda-feira (02), na estrada do s\u00edtio Variante, zona rural de Agrestina. &nbsp;A v\u00edtima foi o Tenente Jos\u00e9 Olivaldo Marques da Silva, da Pol\u00edcia Militar de Pernambuco, que era lotado no 24\u00b0 BPM, com sede em Santa Cruz do Capibaribe. O tenente que j\u00e1 foi lotado no 4\u00b0 BPM, residia na cidade de S\u00e3o Joaquim do Monte, pilotava uma motocicleta quando sofreu acidente. N\u00e3o h\u00e1 detalhes de como o acidente ocorreu. O corpo ser\u00e1 encaminhado para o IML de Caruaru.&nbsp;<\/div>\n<div style=\"text-align: justify;\">\n<\/div>\n<div class=\"separator\" style=\"clear: both; text-align: justify;\">\n<a href=\"https:\/\/2.bp.blogspot.com\/-H_kNrGkv4XI\/Wzq2Puiy0MI\/AAAAAAAA1Rc\/ALrYI-AA2SsVe4mYv0KvXWK2fq5SP8V-wCLcBGAs\/s1600\/IMG-20180702-WA0123.jpg\" imageanchor=\"1\" style=\"margin-left: 1em; margin-right: 1em;\"><img loading=\"lazy\" decoding=\"async\" border=\"0\" data-original-height=\"648\" data-original-width=\"720\" height=\"576\" src=\"http:\/\/blogdoedvaldomagalhaes.com.br\/wp-content\/uploads\/2018\/07\/IMG-20180702-WA0123.jpg\" width=\"640\" \/><\/a><\/div>\n<p><\/p>\n","protected":false},"excerpt":{"rendered":"<p>O acidente ocorreu na noite desta segunda-feira (02), na estrada do s\u00edtio Variante, zona rural de Agrestina. &nbsp;A v\u00edtima foi&hellip;<\/p>\n","protected":false},"author":1,"featured_media":0,"comment_status":"open","ping_status":"open","sticky":false,"template":"","format":"standard","meta":{"footnotes":""},"categories":[1],"tags":[2,13],"class_list":["post-1863","post","type-post","status-publish","format-standard","hentry","category-sem-categoria","tag-blog-do-edvaldo-magalhaes","tag-policial"],"_links":{"self":[{"href":"https:\/\/blogdoedvaldomagalhaes.com.br\/index.php\/wp-json\/wp\/v2\/posts\/1863","targetHints":{"allow":["GET"]}}],"collection":[{"href":"https:\/\/blogdoedvaldomagalhaes.com.br\/index.php\/wp-json\/wp\/v2\/posts"}],"about":[{"href":"https:\/\/blogdoedvaldomagalhaes.com.br\/index.php\/wp-json\/wp\/v2\/types\/post"}],"author":[{"embeddable":true,"href":"https:\/\/blogdoedvaldomagalhaes.com.br\/index.php\/wp-json\/wp\/v2\/users\/1"}],"replies":[{"embeddable":true,"href":"https:\/\/blogdoedvaldomagalhaes.com.br\/index.php\/wp-json\/wp\/v2\/comments?post=1863"}],"version-history":[{"count":1,"href":"https:\/\/blogdoedvaldomagalhaes.com.br\/index.php\/wp-json\/wp\/v2\/posts\/1863\/revisions"}],"predecessor-version":[{"id":32453,"href":"https:\/\/blogdoedvaldomagalhaes.com.br\/index.php\/wp-json\/wp\/v2\/posts\/1863\/revisions\/32453"}],"wp:attachment":[{"href":"https:\/\/blogdoedvaldomagalhaes.com.br\/index.php\/wp-json\/wp\/v2\/media?parent=1863"}],"wp:term":[{"taxonomy":"category","embeddable":true,"href":"https:\/\/blogdoedvaldomagalhaes.com.br\/index.php\/wp-json\/wp\/v2\/categories?post=1863"},{"taxonomy":"post_tag","embeddable":true,"href":"https:\/\/blogdoedvaldomagalhaes.com.br\/index.php\/wp-json\/wp\/v2\/tags?post=1863"}],"curies":[{"name":"wp","href":"https:\/\/api.w.org\/{rel}","templated":true}]}}