{"id":1862,"date":"2018-07-03T10:21:00","date_gmt":"2018-07-03T13:21:00","guid":{"rendered":"http:\/\/blogdoedvaldomagalhaes.com.br\/index.php\/2018\/07\/03\/machados-de-luto-morre-ex-vereador\/"},"modified":"2019-02-09T02:23:09","modified_gmt":"2019-02-09T04:23:09","slug":"machados-de-luto-morre-ex-vereador","status":"publish","type":"post","link":"https:\/\/blogdoedvaldomagalhaes.com.br\/index.php\/2018\/07\/03\/machados-de-luto-morre-ex-vereador\/","title":{"rendered":"Machados de Luto: Morre ex-vereador Marcelo Xavier"},"content":{"rendered":"<div class=\"separator\" style=\"clear: both; text-align: center;\">\n<a href=\"https:\/\/1.bp.blogspot.com\/-_DgWrujVrCI\/WztNvqAhQOI\/AAAAAAAA1R4\/tCPIf6aGyB07H9mh-8ygE60Cx6N016ffACLcBGAs\/s1600\/ele.jpeg\" imageanchor=\"1\" style=\"margin-left: 1em; margin-right: 1em;\"><img loading=\"lazy\" decoding=\"async\" border=\"0\" data-original-height=\"1006\" data-original-width=\"744\" height=\"640\" src=\"http:\/\/blogdoedvaldomagalhaes.com.br\/wp-content\/uploads\/2018\/07\/ele.jpeg\" width=\"470\" \/><\/a><\/div>\n<div style=\"text-align: justify;\">\n<\/div>\n<div style=\"text-align: justify;\">\nFaleceu nessa segunda-feira (02), as 07hs da manh\u00e3, aos 58 anos, no Hospital Esperan\u00e7a em Recife, o ex-vereador de Machados, Jos\u00e9 Marcelo Xavier.<\/div>\n<div style=\"text-align: justify;\">\n<\/div>\n<div style=\"text-align: justify;\">\nMarcelo deixou esposa, Jesu\u00edna Gomes Xavier J\u00fanior, e um casal de filhos, Jos\u00e9 Marcelo Xavier J\u00fanior e Marcela Gomes Xavier.<\/div>\n<div style=\"text-align: justify;\">\n<\/div>\n<div style=\"text-align: justify;\">\nO corpo do ex-vereador machadense est\u00e1 sendo velado na resid\u00eancia da fam\u00edlia localizada na Avenida Manoel Pedro de Aguiar, n\u00b0 78, centro Machados. O sepultamento ser\u00e1 no cemit\u00e9rio S\u00e3o Jos\u00e9, na mesma cidade, as 09h30 da manh\u00e3 desta ter\u00e7a-feira (03).<\/div>\n<div style=\"text-align: justify;\">\n<\/div>\n<div style=\"text-align: justify;\">\nO prefeito do munic\u00edpio de Machados, Argemiro Pimentel, lamenta o falecimento do ex-vereador. \u201cN\u00f3s machadenses perdemos um grande cidad\u00e3o, amigo e empreendedor. Nossos sinceros sentimentos de pesar a todos parentes e amigos\u201d, declarou. Prontamente decretou tr\u00eas dias de luto oficial, tendo em vista os servi\u00e7os que Marcelo Xavier prestou a Machados.<\/div>\n","protected":false},"excerpt":{"rendered":"<p>Faleceu nessa segunda-feira (02), as 07hs da manh\u00e3, aos 58 anos, no Hospital Esperan\u00e7a em Recife, o ex-vereador de Machados,&hellip;<\/p>\n","protected":false},"author":1,"featured_media":0,"comment_status":"open","ping_status":"open","sticky":false,"template":"","format":"standard","meta":{"footnotes":""},"categories":[1],"tags":[2,1899,20],"class_list":["post-1862","post","type-post","status-publish","format-standard","hentry","category-sem-categoria","tag-blog-do-edvaldo-magalhaes","tag-machados-de-luto-morre-ex-vereador-marcelo-xavier","tag-politica"],"_links":{"self":[{"href":"https:\/\/blogdoedvaldomagalhaes.com.br\/index.php\/wp-json\/wp\/v2\/posts\/1862","targetHints":{"allow":["GET"]}}],"collection":[{"href":"https:\/\/blogdoedvaldomagalhaes.com.br\/index.php\/wp-json\/wp\/v2\/posts"}],"about":[{"href":"https:\/\/blogdoedvaldomagalhaes.com.br\/index.php\/wp-json\/wp\/v2\/types\/post"}],"author":[{"embeddable":true,"href":"https:\/\/blogdoedvaldomagalhaes.com.br\/index.php\/wp-json\/wp\/v2\/users\/1"}],"replies":[{"embeddable":true,"href":"https:\/\/blogdoedvaldomagalhaes.com.br\/index.php\/wp-json\/wp\/v2\/comments?post=1862"}],"version-history":[{"count":1,"href":"https:\/\/blogdoedvaldomagalhaes.com.br\/index.php\/wp-json\/wp\/v2\/posts\/1862\/revisions"}],"predecessor-version":[{"id":32455,"href":"https:\/\/blogdoedvaldomagalhaes.com.br\/index.php\/wp-json\/wp\/v2\/posts\/1862\/revisions\/32455"}],"wp:attachment":[{"href":"https:\/\/blogdoedvaldomagalhaes.com.br\/index.php\/wp-json\/wp\/v2\/media?parent=1862"}],"wp:term":[{"taxonomy":"category","embeddable":true,"href":"https:\/\/blogdoedvaldomagalhaes.com.br\/index.php\/wp-json\/wp\/v2\/categories?post=1862"},{"taxonomy":"post_tag","embeddable":true,"href":"https:\/\/blogdoedvaldomagalhaes.com.br\/index.php\/wp-json\/wp\/v2\/tags?post=1862"}],"curies":[{"name":"wp","href":"https:\/\/api.w.org\/{rel}","templated":true}]}}