{"id":1861,"date":"2018-07-03T10:24:00","date_gmt":"2018-07-03T13:24:00","guid":{"rendered":"http:\/\/blogdoedvaldomagalhaes.com.br\/index.php\/2018\/07\/03\/morre-no-recife-presidente-da\/"},"modified":"2019-02-09T02:23:09","modified_gmt":"2019-02-09T04:23:09","slug":"morre-no-recife-presidente-da","status":"publish","type":"post","link":"https:\/\/blogdoedvaldomagalhaes.com.br\/index.php\/2018\/07\/03\/morre-no-recife-presidente-da\/","title":{"rendered":"Morre no Recife presidente da Assembleia Legislativa de Pernambuco"},"content":{"rendered":"<div class=\"separator\" style=\"clear: both; text-align: center;\">\n<a href=\"https:\/\/2.bp.blogspot.com\/-qYMKxQ_1org\/WztOqhYvikI\/AAAAAAAA1SE\/NnqqxjPTsWMYRSMqgKANNDF3OR_xTs5kQCLcBGAs\/s1600\/guliherme.jpg\" imageanchor=\"1\" style=\"margin-left: 1em; margin-right: 1em;\"><img loading=\"lazy\" decoding=\"async\" border=\"0\" data-original-height=\"522\" data-original-width=\"930\" height=\"354\" src=\"http:\/\/blogdoedvaldomagalhaes.com.br\/wp-content\/uploads\/2018\/07\/guliherme.jpg\" width=\"640\" \/><\/a><\/div>\n<div class=\"separator\" style=\"clear: both; text-align: center;\">\nGuilherme Uchoa &#8211; Foto Folha de Pernambuco<\/div>\n<div style=\"background-color: white; box-sizing: border-box; line-height: 24px; margin-bottom: 10px; text-align: justify;\">\n<\/div>\n<div style=\"background-color: white; box-sizing: border-box; line-height: 24px; margin-bottom: 10px; text-align: justify;\">\nMorreu na manh\u00e3 desta ter\u00e7a-feira (03), no Recife, o presidente da Assembleia Legislativa de Pernambuco (Alepe), Guilherme Uchoa (PSC), aos 71 anos. Ele faleceu \u00e0s 4h, no Hospital Portugu\u00eas, onde estava internado desde domingo (01), ap\u00f3s ter problema de sa\u00fade em casa.<\/div>\n<div style=\"background-color: white; box-sizing: border-box; line-height: 24px; margin-bottom: 10px; text-align: justify;\">\nA fam\u00edlia ainda n\u00e3o informou sobre hor\u00e1rio de vel\u00f3rio e sepultamento. Guilherme Uchoa estava no sexto mandato de deputado e presidia a Alepe pela sexta consecutiva.<\/p>\n<p><\/p>\n<div style=\"box-sizing: border-box; line-height: 24px; margin-bottom: 10px;\">\nO governador Paulo C\u00e2mara (PSB) decretou luto oficial de 5 dias no Estado ap\u00f3s a morte do presidente da Assembleia Legislativa de Pernambuco (Alepe), Guilherme Uchoa, aos 71 anos. O parlamentar&nbsp;<a href=\"http:\/\/liberdade.com.br\/morre-no-recife-presidente-da-assembleia-legislativa-de-pernambuco\/\" style=\"background-color: transparent; box-sizing: border-box; text-decoration-line: none; transition: 0.3s;\">faleceu<\/a>&nbsp;na manh\u00e3 desta ter\u00e7a-feira (03), no Hospital Portugu\u00eas, onde estava internado desde domingo (01), em decorr\u00eancia de uma pneumonia.<\/div>\n<div style=\"box-sizing: border-box; line-height: 24px; margin-bottom: 10px;\">\nEm nota, C\u00e2mara classificou o aliado como \u201cum parceiro fundamental\u201d, tanto de sua gest\u00e3o quanto da do ex-governador Eduardo Campos. O governador disse que Uchoa foi um grande parceiro do Governo do Estado aprovando projetos importantes para o povo de Pernambuco enviados para a Alepe.<\/div>\n<p><\/p>\n<div style=\"box-sizing: border-box; line-height: 24px; margin-bottom: 10px;\">\n<b>Deputado Estadual Tony Gel (MDB)<\/b> &#8211; tamb\u00e9m divulgou nota lamentando o falecimento do presidente da Alepe. \u201cO falecimento do deputado Guilherme Uchoa \u00e9, para mim, uma grande perda. Guilherme n\u00e3o foi apenas um bom colega no Parlamento Pernambucano, foi um amigo que n\u00e3o media dist\u00e2ncia para servir aos que o procuravam. Sempre dispon\u00edvel e solid\u00e1rio\u201d.<\/p>\n<div style=\"border: 0px; margin-bottom: 1.5em; outline: 0px; padding: 0px; text-align: justify; vertical-align: baseline;\">\n<b>Prefeita Raquel Lyra (PSDB) &#8211;<\/b> \u00c9 com pesar que recebo a not\u00edcia do falecimento do presidente da Assembleia Legislativa, deputado Guilherme Uchoa, considerado um presidente atuante e um pol\u00edtico comprometido com a causa p\u00fablica. Deixo minhas sinceras condol\u00eancias \u00e0 fam\u00edlia e amigos por esta inestim\u00e1vel perda.<\/div>\n<\/div>\n<\/div>\n","protected":false},"excerpt":{"rendered":"<p>Guilherme Uchoa &#8211; Foto Folha de Pernambuco Morreu na manh\u00e3 desta ter\u00e7a-feira (03), no Recife, o presidente da Assembleia Legislativa&hellip;<\/p>\n","protected":false},"author":1,"featured_media":0,"comment_status":"open","ping_status":"open","sticky":false,"template":"","format":"standard","meta":{"footnotes":""},"categories":[1],"tags":[2,1898,20],"class_list":["post-1861","post","type-post","status-publish","format-standard","hentry","category-sem-categoria","tag-blog-do-edvaldo-magalhaes","tag-morre-no-recife-presidente-da-assembleia-legislativa-de-pernambuco","tag-politica"],"_links":{"self":[{"href":"https:\/\/blogdoedvaldomagalhaes.com.br\/index.php\/wp-json\/wp\/v2\/posts\/1861","targetHints":{"allow":["GET"]}}],"collection":[{"href":"https:\/\/blogdoedvaldomagalhaes.com.br\/index.php\/wp-json\/wp\/v2\/posts"}],"about":[{"href":"https:\/\/blogdoedvaldomagalhaes.com.br\/index.php\/wp-json\/wp\/v2\/types\/post"}],"author":[{"embeddable":true,"href":"https:\/\/blogdoedvaldomagalhaes.com.br\/index.php\/wp-json\/wp\/v2\/users\/1"}],"replies":[{"embeddable":true,"href":"https:\/\/blogdoedvaldomagalhaes.com.br\/index.php\/wp-json\/wp\/v2\/comments?post=1861"}],"version-history":[{"count":1,"href":"https:\/\/blogdoedvaldomagalhaes.com.br\/index.php\/wp-json\/wp\/v2\/posts\/1861\/revisions"}],"predecessor-version":[{"id":32457,"href":"https:\/\/blogdoedvaldomagalhaes.com.br\/index.php\/wp-json\/wp\/v2\/posts\/1861\/revisions\/32457"}],"wp:attachment":[{"href":"https:\/\/blogdoedvaldomagalhaes.com.br\/index.php\/wp-json\/wp\/v2\/media?parent=1861"}],"wp:term":[{"taxonomy":"category","embeddable":true,"href":"https:\/\/blogdoedvaldomagalhaes.com.br\/index.php\/wp-json\/wp\/v2\/categories?post=1861"},{"taxonomy":"post_tag","embeddable":true,"href":"https:\/\/blogdoedvaldomagalhaes.com.br\/index.php\/wp-json\/wp\/v2\/tags?post=1861"}],"curies":[{"name":"wp","href":"https:\/\/api.w.org\/{rel}","templated":true}]}}