{"id":186,"date":"2019-01-18T21:42:00","date_gmt":"2019-01-18T23:42:00","guid":{"rendered":"http:\/\/blogdoedvaldomagalhaes.com.br\/index.php\/2019\/01\/18\/policia-civil-divulga-imagens-do-5\/"},"modified":"2019-02-09T02:49:50","modified_gmt":"2019-02-09T04:49:50","slug":"policia-civil-divulga-imagens-do-5","status":"publish","type":"post","link":"https:\/\/blogdoedvaldomagalhaes.com.br\/index.php\/2019\/01\/18\/policia-civil-divulga-imagens-do-5\/","title":{"rendered":"Pol\u00edcia Civil divulga imagens do 5\u00b0 envolvido na morte do professor de artes marciais assassinado em Caruaru"},"content":{"rendered":"<div class=\"separator\" style=\"clear: both; text-align: center;\">\n<\/div>\n<ul>\n<li><a href=\"https:\/\/2.bp.blogspot.com\/-RRLTi1BnHAU\/XEJHPicktgI\/AAAAAAABBPk\/JoW1no5qJok24-AwE4iGV4lsiCtW4Z72wCLcBGAs\/s1600\/IMG-20190118-WA0041.jpg\" imageanchor=\"1\" style=\"margin-left: 1em; margin-right: 1em;\"><img loading=\"lazy\" decoding=\"async\" border=\"0\" data-original-height=\"720\" data-original-width=\"1280\" height=\"360\" src=\"http:\/\/blogdoedvaldomagalhaes.com.br\/wp-content\/uploads\/2019\/01\/IMG-20190118-WA0041.jpg\" width=\"640\" \/><\/a><\/li>\n<\/ul>\n<div style=\"text-align: justify;\">\nA delegada Servula Wallesca, titular da 3\u00aa Divis\u00e3o de Homic\u00eddios do Agreste e respons\u00e1vel pelas investiga\u00e7\u00f5es, divulgou na manh\u00e3 desta sexta-feira (18\/01), imagem de um suspeito de ter participa\u00e7\u00e3o no assassinato do professor de artes marciais, Josael Torres, que foi morto de mar\u00e7o de 2017, quando sa\u00eda da academia em que dava aulas, no bairro Mauricio de Nassau em Caruaru.<\/p>\n<p><\/p>\n<div class=\"separator\" style=\"clear: both; text-align: center;\">\n<a href=\"https:\/\/1.bp.blogspot.com\/-jVhiI9DrxnM\/XEJI-23RLII\/AAAAAAABBPs\/_7ucI8MkbKYZ-5FUU2vN8xxa2eYScNdOwCLcBGAs\/s1600\/IMG-20190118-WA0037.jpg\" imageanchor=\"1\" style=\"margin-left: 1em; margin-right: 1em;\"><img loading=\"lazy\" decoding=\"async\" border=\"0\" data-original-height=\"720\" data-original-width=\"1280\" height=\"360\" src=\"http:\/\/blogdoedvaldomagalhaes.com.br\/wp-content\/uploads\/2019\/01\/IMG-20190118-WA0037.jpg\" width=\"640\" \/><\/a><\/div>\n<\/div>\n<div style=\"text-align: justify;\">\n<\/div>\n<div style=\"text-align: justify;\">\nEm dezembro de 2018, a Pol\u00edcia Civil deflagrou a Opera\u00e7\u00e3o Espartanos, quando quatro pessoas com envolvimento no crime foram presas.<\/p>\n<\/div>\n<div style=\"text-align: justify;\">\n<div class=\"separator\" style=\"clear: both; text-align: center;\">\n<a href=\"https:\/\/2.bp.blogspot.com\/-foKfWsO0Y-U\/XEJJNGt0uBI\/AAAAAAABBPw\/s56XWUum_FI4ltUOOBlYku4RUGNyXGungCLcBGAs\/s1600\/IMG-20190118-WA0038.jpg\" imageanchor=\"1\" style=\"margin-left: 1em; margin-right: 1em;\"><img loading=\"lazy\" decoding=\"async\" border=\"0\" data-original-height=\"720\" data-original-width=\"1280\" height=\"360\" src=\"http:\/\/blogdoedvaldomagalhaes.com.br\/wp-content\/uploads\/2019\/01\/IMG-20190118-WA0038.jpg\" width=\"640\" \/><\/a><\/div>\n<p><\/div>\n<div style=\"text-align: justify;\">\nSe voc\u00ea conhece esse homem ligue para o Disque-Den\u00fancia Agreste atrav\u00e9s do n\u00famero (81) 3719-4545 e a Pol\u00edcia d\u00e1 garantia de anonimato.<\/div>\n","protected":false},"excerpt":{"rendered":"<p>A delegada Servula Wallesca, titular da 3\u00aa Divis\u00e3o de Homic\u00eddios do Agreste e respons\u00e1vel pelas investiga\u00e7\u00f5es, divulgou na manh\u00e3 desta&hellip;<\/p>\n","protected":false},"author":1,"featured_media":0,"comment_status":"open","ping_status":"open","sticky":false,"template":"","format":"standard","meta":{"footnotes":""},"categories":[1],"tags":[2,198,13],"class_list":["post-186","post","type-post","status-publish","format-standard","hentry","category-sem-categoria","tag-blog-do-edvaldo-magalhaes","tag-policia-civil-divulga-imagens-do-5-envolvido-na-morte-do-professor-de-artes-marciais-assassinado-em-caruaru","tag-policial"],"_links":{"self":[{"href":"https:\/\/blogdoedvaldomagalhaes.com.br\/index.php\/wp-json\/wp\/v2\/posts\/186","targetHints":{"allow":["GET"]}}],"collection":[{"href":"https:\/\/blogdoedvaldomagalhaes.com.br\/index.php\/wp-json\/wp\/v2\/posts"}],"about":[{"href":"https:\/\/blogdoedvaldomagalhaes.com.br\/index.php\/wp-json\/wp\/v2\/types\/post"}],"author":[{"embeddable":true,"href":"https:\/\/blogdoedvaldomagalhaes.com.br\/index.php\/wp-json\/wp\/v2\/users\/1"}],"replies":[{"embeddable":true,"href":"https:\/\/blogdoedvaldomagalhaes.com.br\/index.php\/wp-json\/wp\/v2\/comments?post=186"}],"version-history":[{"count":1,"href":"https:\/\/blogdoedvaldomagalhaes.com.br\/index.php\/wp-json\/wp\/v2\/posts\/186\/revisions"}],"predecessor-version":[{"id":37552,"href":"https:\/\/blogdoedvaldomagalhaes.com.br\/index.php\/wp-json\/wp\/v2\/posts\/186\/revisions\/37552"}],"wp:attachment":[{"href":"https:\/\/blogdoedvaldomagalhaes.com.br\/index.php\/wp-json\/wp\/v2\/media?parent=186"}],"wp:term":[{"taxonomy":"category","embeddable":true,"href":"https:\/\/blogdoedvaldomagalhaes.com.br\/index.php\/wp-json\/wp\/v2\/categories?post=186"},{"taxonomy":"post_tag","embeddable":true,"href":"https:\/\/blogdoedvaldomagalhaes.com.br\/index.php\/wp-json\/wp\/v2\/tags?post=186"}],"curies":[{"name":"wp","href":"https:\/\/api.w.org\/{rel}","templated":true}]}}