{"id":1852,"date":"2018-07-04T15:57:00","date_gmt":"2018-07-04T18:57:00","guid":{"rendered":"http:\/\/blogdoedvaldomagalhaes.com.br\/index.php\/2018\/07\/04\/rodrigo-pinheiro-assume-prefeitura-de\/"},"modified":"2019-02-09T02:23:15","modified_gmt":"2019-02-09T04:23:15","slug":"rodrigo-pinheiro-assume-prefeitura-de","status":"publish","type":"post","link":"https:\/\/blogdoedvaldomagalhaes.com.br\/index.php\/2018\/07\/04\/rodrigo-pinheiro-assume-prefeitura-de\/","title":{"rendered":"Rodrigo Pinheiro assume a Prefeitura de Caruaru nesta quinta-feira (5)"},"content":{"rendered":"<div class=\"separator\" style=\"clear: both; text-align: center;\">\n<a href=\"https:\/\/1.bp.blogspot.com\/-nBPCmyoVMU0\/WzzuZM7qraI\/AAAAAAAA1X8\/_JR7bEncRAciao-XqQhy9aMLgwVEMd-dACLcBGAs\/s1600\/20180704_120948.jpg\" imageanchor=\"1\" style=\"margin-left: 1em; margin-right: 1em;\"><img loading=\"lazy\" decoding=\"async\" border=\"0\" data-original-height=\"900\" data-original-width=\"1600\" height=\"360\" src=\"http:\/\/blogdoedvaldomagalhaes.com.br\/wp-content\/uploads\/2018\/07\/20180704_120948.jpg\" width=\"640\" \/><\/a><\/div>\n<p><\/p>\n<div style=\"text-align: justify;\">\nA prefeita de Caruaru, Raquel Lyra passou o comando da prefeitura para o vice-prefeito Rodrigo Pinheiro (ambos do PSDB), nessa quarta-feira (04).&nbsp;Durante os pr\u00f3ximos dez dias, Rodrigo assume o comando interino do munic\u00edpio. O ato de transmiss\u00e3o aconteceu na tarde dessa quarta-feira (04), no gabinete da prefeita, e contou com a presen\u00e7a de secret\u00e1rios municipais.<\/p>\n<p><\/p>\n<div class=\"separator\" style=\"clear: both; text-align: center;\">\n<a href=\"https:\/\/2.bp.blogspot.com\/-GeD9lvGHA_g\/Wz3vjMw45qI\/AAAAAAAA1aw\/vBUr_Zd7_CgFa2vbqiwrgswDLAItBucugCLcBGAs\/s1600\/vice.jpeg\" imageanchor=\"1\" style=\"margin-left: 1em; margin-right: 1em;\"><img loading=\"lazy\" decoding=\"async\" border=\"0\" data-original-height=\"853\" data-original-width=\"1280\" height=\"426\" src=\"http:\/\/blogdoedvaldomagalhaes.com.br\/wp-content\/uploads\/2018\/07\/vice.jpeg\" width=\"640\" \/><\/a><\/div>\n<div style=\"text-align: center;\">\nFoto: Arnaldo F\u00e9lix\/Divulga\u00e7\u00e3o<\/div>\n<div style=\"text-align: center;\">\n<\/div>\n<p>Raquel vai se afastar das fun\u00e7\u00f5es de comando do Poder Executivo, em fun\u00e7\u00e3o de viagem ao exterior, no per\u00edodo de 05 e 14 de julho, no intuito de participar do Programa &#8220;Acccelerating Growth in Brazilian Cities&#8221;, que consiste em curso na Universidade de Columbia, nos Estados Unidos da Am\u00e9rica. A viagem \u00e9 oficial, com isso, os custos ser\u00e3o bancados pelo munic\u00edpio. A prefeita confirmou a transmiss\u00e3o do cargo, ao Blog do Edvaldo Magalh\u00e3es.<\/p>\n<p>Neste caso, Rodrigo Pinheiro (PSDB) n\u00e3o ser\u00e1 mais candidato a deputado estadual.<\/p>\n<\/div>\n","protected":false},"excerpt":{"rendered":"<p>A prefeita de Caruaru, Raquel Lyra passou o comando da prefeitura para o vice-prefeito Rodrigo Pinheiro (ambos do PSDB), nessa&hellip;<\/p>\n","protected":false},"author":1,"featured_media":0,"comment_status":"open","ping_status":"open","sticky":false,"template":"","format":"standard","meta":{"footnotes":""},"categories":[1],"tags":[2,20,1884],"class_list":["post-1852","post","type-post","status-publish","format-standard","hentry","category-sem-categoria","tag-blog-do-edvaldo-magalhaes","tag-politica","tag-rodrigo-pinheiro-assume-a-prefeitura-de-caruaru-nesta-quinta-feira-5"],"_links":{"self":[{"href":"https:\/\/blogdoedvaldomagalhaes.com.br\/index.php\/wp-json\/wp\/v2\/posts\/1852","targetHints":{"allow":["GET"]}}],"collection":[{"href":"https:\/\/blogdoedvaldomagalhaes.com.br\/index.php\/wp-json\/wp\/v2\/posts"}],"about":[{"href":"https:\/\/blogdoedvaldomagalhaes.com.br\/index.php\/wp-json\/wp\/v2\/types\/post"}],"author":[{"embeddable":true,"href":"https:\/\/blogdoedvaldomagalhaes.com.br\/index.php\/wp-json\/wp\/v2\/users\/1"}],"replies":[{"embeddable":true,"href":"https:\/\/blogdoedvaldomagalhaes.com.br\/index.php\/wp-json\/wp\/v2\/comments?post=1852"}],"version-history":[{"count":1,"href":"https:\/\/blogdoedvaldomagalhaes.com.br\/index.php\/wp-json\/wp\/v2\/posts\/1852\/revisions"}],"predecessor-version":[{"id":32482,"href":"https:\/\/blogdoedvaldomagalhaes.com.br\/index.php\/wp-json\/wp\/v2\/posts\/1852\/revisions\/32482"}],"wp:attachment":[{"href":"https:\/\/blogdoedvaldomagalhaes.com.br\/index.php\/wp-json\/wp\/v2\/media?parent=1852"}],"wp:term":[{"taxonomy":"category","embeddable":true,"href":"https:\/\/blogdoedvaldomagalhaes.com.br\/index.php\/wp-json\/wp\/v2\/categories?post=1852"},{"taxonomy":"post_tag","embeddable":true,"href":"https:\/\/blogdoedvaldomagalhaes.com.br\/index.php\/wp-json\/wp\/v2\/tags?post=1852"}],"curies":[{"name":"wp","href":"https:\/\/api.w.org\/{rel}","templated":true}]}}