{"id":185,"date":"2019-01-18T22:43:00","date_gmt":"2019-01-19T00:43:00","guid":{"rendered":"http:\/\/blogdoedvaldomagalhaes.com.br\/index.php\/2019\/01\/18\/crianca-espancada-em-escola-de-caruaru\/"},"modified":"2019-02-09T02:49:50","modified_gmt":"2019-02-09T04:49:50","slug":"crianca-espancada-em-escola-de-caruaru","status":"publish","type":"post","link":"https:\/\/blogdoedvaldomagalhaes.com.br\/index.php\/2019\/01\/18\/crianca-espancada-em-escola-de-caruaru\/","title":{"rendered":"Crian\u00e7a espancada em escola de Caruaru tem perna amputada e precisa de ajuda"},"content":{"rendered":"<p><\/p>\n<div class=\"separator\" style=\"clear: both; text-align: center;\">\n<a href=\"https:\/\/4.bp.blogspot.com\/-WeiQaHv0jcw\/XEJWM36UrpI\/AAAAAAABBQU\/VRnxU4xarX01rClZK3H5CbCFh1aq-JNoQCLcBGAs\/s1600\/3.jpg\" imageanchor=\"1\" style=\"margin-left: 1em; margin-right: 1em;\"><img loading=\"lazy\" decoding=\"async\" border=\"0\" data-original-height=\"960\" data-original-width=\"576\" height=\"640\" src=\"http:\/\/blogdoedvaldomagalhaes.com.br\/wp-content\/uploads\/2019\/01\/3-3.jpg\" width=\"382\" \/><\/a><\/div>\n<div class=\"separator\" style=\"clear: both; text-align: center;\">\nFoto enviada por familiares<\/div>\n<div class=\"separator\" style=\"clear: both; text-align: center;\">\n<\/div>\n<div class=\"separator\" style=\"clear: both; text-align: center;\">\n<\/div>\n<div class=\"separator\" style=\"clear: both; text-align: justify;\">\nO garotinho Gabriel que foi espancado por outros alunos na Escola Municipal Professora Sinhazinha, no bairro do Salgado, em Caruaru, passou por v\u00e1rias cirurgias e infelizmente teve uma perna amputada, por conta de uma infec\u00e7\u00e3o, n\u00e3o est\u00e1 tomando medica\u00e7\u00e3o atualmente e voltar\u00e1 ao Recife, quarta-feira (23), para uma revis\u00e3o pelo cirurgi\u00e3o. A cada tr\u00eas dias, Gabriel \u00e9 levado para uma unidade de sa\u00fade, onde \u00e9 feito um curativo.<\/div>\n<div class=\"separator\" style=\"clear: both; text-align: justify;\">\n<\/div>\n<div class=\"separator\" style=\"clear: both; text-align: justify;\">\nGabriel tem mais 06 irm\u00e3os, a m\u00e3e est\u00e1 desesperada, pois n\u00e3o tem como trabalhar no momento, e ainda paga aluguel, estando passando por dificuldades e por isso pede a ajuda de todos. As doa\u00e7\u00f5es podem ser de alimentos e medicamentos.&nbsp;A casa de Gabriel fica na 1\u00b0 Travessa Neco Lira, por tr\u00e1s do Supermercado Cest\u00e3o do Povo, no bairro do Salgado. Quem quiser ajudar pode entrar em contato atrav\u00e9s do n\u00famero (81) 9.8630.9338 (falar com F\u00e1tima).<\/div>\n<div class=\"separator\" style=\"clear: both; text-align: justify;\">\n<\/div>\n<div class=\"separator\" style=\"clear: both; text-align: justify;\">\n<b>Entenda o caso<\/b><\/div>\n<div class=\"separator\" style=\"clear: both; text-align: justify;\">\n<\/div>\n<div class=\"separator\" style=\"clear: both; text-align: justify;\">\nFamiliares relataram que a Gabriel Jos\u00e9 dos Santos, de 10 anos, foi espancada por &#8220;coleguinhas&#8221; na Escola Municipal Professora Sinhazinha, no bairro do Salgado em Caruaru, sendo internada na UTI do Hospital da Restaura\u00e7\u00e3o em Recife.<\/div>\n<div class=\"separator\" style=\"clear: both; text-align: justify;\">\n<\/div>\n<div class=\"separator\" style=\"clear: both; text-align: justify;\">\nO fato aconteceu no final de maio de 2018, segundo parentes e amigos da crian\u00e7a. A av\u00f3 de Gabriel disse que uma queixa foi prestada.<\/div>\n<div class=\"separator\" style=\"clear: both; text-align: justify;\">\n<\/div>\n<div class=\"separator\" style=\"clear: both; text-align: justify;\">\n<\/div>\n","protected":false},"excerpt":{"rendered":"<p>Foto enviada por familiares O garotinho Gabriel que foi espancado por outros alunos na Escola Municipal Professora Sinhazinha, no bairro&hellip;<\/p>\n","protected":false},"author":1,"featured_media":0,"comment_status":"open","ping_status":"open","sticky":false,"template":"","format":"standard","meta":{"footnotes":""},"categories":[1],"tags":[2,197,6],"class_list":["post-185","post","type-post","status-publish","format-standard","hentry","category-sem-categoria","tag-blog-do-edvaldo-magalhaes","tag-crianca-espancada-em-escola-de-caruaru-tem-perna-amputada-e-precisa-de-ajuda","tag-noticias"],"_links":{"self":[{"href":"https:\/\/blogdoedvaldomagalhaes.com.br\/index.php\/wp-json\/wp\/v2\/posts\/185","targetHints":{"allow":["GET"]}}],"collection":[{"href":"https:\/\/blogdoedvaldomagalhaes.com.br\/index.php\/wp-json\/wp\/v2\/posts"}],"about":[{"href":"https:\/\/blogdoedvaldomagalhaes.com.br\/index.php\/wp-json\/wp\/v2\/types\/post"}],"author":[{"embeddable":true,"href":"https:\/\/blogdoedvaldomagalhaes.com.br\/index.php\/wp-json\/wp\/v2\/users\/1"}],"replies":[{"embeddable":true,"href":"https:\/\/blogdoedvaldomagalhaes.com.br\/index.php\/wp-json\/wp\/v2\/comments?post=185"}],"version-history":[{"count":1,"href":"https:\/\/blogdoedvaldomagalhaes.com.br\/index.php\/wp-json\/wp\/v2\/posts\/185\/revisions"}],"predecessor-version":[{"id":37554,"href":"https:\/\/blogdoedvaldomagalhaes.com.br\/index.php\/wp-json\/wp\/v2\/posts\/185\/revisions\/37554"}],"wp:attachment":[{"href":"https:\/\/blogdoedvaldomagalhaes.com.br\/index.php\/wp-json\/wp\/v2\/media?parent=185"}],"wp:term":[{"taxonomy":"category","embeddable":true,"href":"https:\/\/blogdoedvaldomagalhaes.com.br\/index.php\/wp-json\/wp\/v2\/categories?post=185"},{"taxonomy":"post_tag","embeddable":true,"href":"https:\/\/blogdoedvaldomagalhaes.com.br\/index.php\/wp-json\/wp\/v2\/tags?post=185"}],"curies":[{"name":"wp","href":"https:\/\/api.w.org\/{rel}","templated":true}]}}