{"id":1849,"date":"2018-07-04T20:21:00","date_gmt":"2018-07-04T23:21:00","guid":{"rendered":"http:\/\/blogdoedvaldomagalhaes.com.br\/index.php\/2018\/07\/04\/sao-paulo-apostolo-e-homenageado-e\/"},"modified":"2019-02-09T02:23:16","modified_gmt":"2019-02-09T04:23:16","slug":"sao-paulo-apostolo-e-homenageado-e","status":"publish","type":"post","link":"https:\/\/blogdoedvaldomagalhaes.com.br\/index.php\/2018\/07\/04\/sao-paulo-apostolo-e-homenageado-e\/","title":{"rendered":"S\u00e3o Paulo Ap\u00f3stolo \u00e9 homenageado em Caruaru"},"content":{"rendered":"<div class=\"separator\" style=\"clear: both; text-align: center;\">\n<a href=\"https:\/\/3.bp.blogspot.com\/-wjEcwe4kR7s\/Wz0r4U7-HWI\/AAAAAAAA1Y4\/n4YLNf7Sp6UP8mtYE4HEkUZUfoGvGu0NQCLcBGAs\/s1600\/1.jpg\" imageanchor=\"1\" style=\"margin-left: 1em; margin-right: 1em;\"><img loading=\"lazy\" decoding=\"async\" border=\"0\" data-original-height=\"150\" data-original-width=\"200\" height=\"480\" src=\"http:\/\/blogdoedvaldomagalhaes.com.br\/wp-content\/uploads\/2018\/07\/1-1.jpg\" width=\"640\" \/><\/a><\/div>\n<div style=\"text-align: justify;\">\n<\/div>\n<div style=\"text-align: justify;\">\nA Par\u00f3quia S\u00e3o Paulo Ap\u00f3stolo, localizada no bairro S\u00e3o Jo\u00e3o da Esc\u00f3cia, em Caruaru, est\u00e1 celebrando, desde do dia 29 de junho, a festa em honra ao padroeiro S\u00e3o Paulo Ap\u00f3stolo. O evento segue at\u00e9 o pr\u00f3ximo s\u00e1bado (7). Durante nove noites, a vida do Ap\u00f3stolo Paulo, um dos principais disc\u00edpulos de Jesus Cristo, est\u00e1 sendo meditada nas homilias.<\/div>\n<div style=\"text-align: justify;\">\n<\/div>\n<div style=\"text-align: justify;\">\nAl\u00e9m das celebra\u00e7\u00f5es eucar\u00edsticas, que est\u00e3o sendo realizadas todas as noites por padres convidados de outras par\u00f3quias, a partir desta quarta-feira (4) apresenta\u00e7\u00f5es culturais e quermesses estar\u00e3o sendo preparadas para animar as noites do p\u00fablico. Nesta quarta, acontecer\u00e1 a apresenta\u00e7\u00e3o do Pastoril da Par\u00f3quia da Natividade do Senhor.<\/div>\n<div style=\"text-align: justify;\">\n<\/div>\n<div class=\"separator\" style=\"clear: both; text-align: center;\">\n<a href=\"https:\/\/2.bp.blogspot.com\/-hZgcvZmECJo\/Wz0r_qmuq1I\/AAAAAAAA1Y8\/LKzK4SSfwOYaDdrVzb99CwGJx2wbEPCYgCLcBGAs\/s1600\/2.jpg\" imageanchor=\"1\" style=\"margin-left: 1em; margin-right: 1em;\"><img loading=\"lazy\" decoding=\"async\" border=\"0\" data-original-height=\"150\" data-original-width=\"200\" height=\"480\" src=\"http:\/\/blogdoedvaldomagalhaes.com.br\/wp-content\/uploads\/2018\/07\/2.jpg\" width=\"640\" \/><\/a><\/div>\n<div style=\"text-align: justify;\">\n<\/div>\n<div style=\"text-align: justify;\">\nUma das noites mais esperadas pelos paroquianos \u00e9 a quinta-feita (5), quando acontecer\u00e1 o II Concurso de Quadrilhas. Os dan\u00e7antes s\u00e3o os membros da Par\u00f3quia S\u00e3o Paulo Ap\u00f3stolo. Os jurados convidados s\u00e3o: o professor Diogenes Barbosa, coordenador do N\u00facleo de Cultura e Artes da Asces-Unita; o jornalista Giovani Gomes, do Sistema Jornal do Commercio de Comunica\u00e7\u00e3o; a jornalista Jaciara Fernandes, do Jornal Vanguarda; o musico e chamador de quadrilhas Wesklei Mardone e&nbsp; a produtora cultural Kelly Moura. O celebrante desta noite ser\u00e1 o bispo diocesano de Caruaru, Dom Bernardino Marchi\u00f3. Na sexta-feira (6) quem ir\u00e1 animar a noite ser\u00e1 o DJ Anjelus.&nbsp;&nbsp;<\/div>\n<div style=\"text-align: justify;\">\n<\/div>\n<div style=\"text-align: justify;\">\nO s\u00e1bado (7) ser\u00e1 marcado pela tradicional prociss\u00e3o, onde os paroquianos e toda comunidade sair\u00e3o em prociss\u00e3o por algumas ruas do bairro S\u00e3o Jo\u00e3o da Esc\u00f3cia. O celebrante ser\u00e1 o administrador paroquial, o padre Edmilson Martiliano. E quem fic\u00e1 respons\u00e1vel por animar a \u00faltima noite da festa foi Jader Nascimento e o Forr\u00f3 Mour\u00e3o. Eles prometem fazer o povo arrastar o p\u00e9.<\/div>\n<div style=\"text-align: justify;\">\n<\/div>\n<div style=\"text-align: justify;\">\nFotos: Leonardo C\u00edcero e Diogenes Barbosa<\/div>\n<div style=\"text-align: justify;\">\n<\/div>\n<div style=\"text-align: justify;\">\n<\/div>\n","protected":false},"excerpt":{"rendered":"<p>A Par\u00f3quia S\u00e3o Paulo Ap\u00f3stolo, localizada no bairro S\u00e3o Jo\u00e3o da Esc\u00f3cia, em Caruaru, est\u00e1 celebrando, desde do dia 29&hellip;<\/p>\n","protected":false},"author":1,"featured_media":0,"comment_status":"open","ping_status":"open","sticky":false,"template":"","format":"standard","meta":{"footnotes":""},"categories":[1],"tags":[2,6,1881],"class_list":["post-1849","post","type-post","status-publish","format-standard","hentry","category-sem-categoria","tag-blog-do-edvaldo-magalhaes","tag-noticias","tag-sao-paulo-apostolo-e-homenageado-em-caruaru"],"_links":{"self":[{"href":"https:\/\/blogdoedvaldomagalhaes.com.br\/index.php\/wp-json\/wp\/v2\/posts\/1849","targetHints":{"allow":["GET"]}}],"collection":[{"href":"https:\/\/blogdoedvaldomagalhaes.com.br\/index.php\/wp-json\/wp\/v2\/posts"}],"about":[{"href":"https:\/\/blogdoedvaldomagalhaes.com.br\/index.php\/wp-json\/wp\/v2\/types\/post"}],"author":[{"embeddable":true,"href":"https:\/\/blogdoedvaldomagalhaes.com.br\/index.php\/wp-json\/wp\/v2\/users\/1"}],"replies":[{"embeddable":true,"href":"https:\/\/blogdoedvaldomagalhaes.com.br\/index.php\/wp-json\/wp\/v2\/comments?post=1849"}],"version-history":[{"count":1,"href":"https:\/\/blogdoedvaldomagalhaes.com.br\/index.php\/wp-json\/wp\/v2\/posts\/1849\/revisions"}],"predecessor-version":[{"id":32489,"href":"https:\/\/blogdoedvaldomagalhaes.com.br\/index.php\/wp-json\/wp\/v2\/posts\/1849\/revisions\/32489"}],"wp:attachment":[{"href":"https:\/\/blogdoedvaldomagalhaes.com.br\/index.php\/wp-json\/wp\/v2\/media?parent=1849"}],"wp:term":[{"taxonomy":"category","embeddable":true,"href":"https:\/\/blogdoedvaldomagalhaes.com.br\/index.php\/wp-json\/wp\/v2\/categories?post=1849"},{"taxonomy":"post_tag","embeddable":true,"href":"https:\/\/blogdoedvaldomagalhaes.com.br\/index.php\/wp-json\/wp\/v2\/tags?post=1849"}],"curies":[{"name":"wp","href":"https:\/\/api.w.org\/{rel}","templated":true}]}}