{"id":1848,"date":"2018-07-04T20:24:00","date_gmt":"2018-07-04T23:24:00","guid":{"rendered":"http:\/\/blogdoedvaldomagalhaes.com.br\/index.php\/2018\/07\/04\/escola-de-caruaru-e-mais-premiada-da\/"},"modified":"2019-02-09T02:23:16","modified_gmt":"2019-02-09T04:23:16","slug":"escola-de-caruaru-e-mais-premiada-da","status":"publish","type":"post","link":"https:\/\/blogdoedvaldomagalhaes.com.br\/index.php\/2018\/07\/04\/escola-de-caruaru-e-mais-premiada-da\/","title":{"rendered":"Escola de Caruaru \u00e9 a mais premiada da Mostra Competitiva de Dan\u00e7a de Pernambuco (MOC)"},"content":{"rendered":"<div class=\"separator\" style=\"clear: both; text-align: center;\">\n<a href=\"https:\/\/4.bp.blogspot.com\/-LC9CWTh8P4Y\/Wz0s8Wxs3WI\/AAAAAAAA1ZI\/KQPgxgMYyh05iGGz2-jGWPNT_OnItTErQCLcBGAs\/s1600\/monica.JPG\" imageanchor=\"1\" style=\"margin-left: 1em; margin-right: 1em;\"><img loading=\"lazy\" decoding=\"async\" border=\"0\" data-original-height=\"826\" data-original-width=\"1100\" height=\"480\" src=\"http:\/\/blogdoedvaldomagalhaes.com.br\/wp-content\/uploads\/2018\/07\/monica.jpg\" width=\"640\" \/><\/a><\/div>\n<div style=\"text-align: justify;\">\n<\/div>\n<div style=\"text-align: justify;\">\nA Ensaio Escola de Artes comemora mais uma conquista. Nos dias 30 de junho e 1\u00ba de julho, a escola caruaruense participou da 2\u00aa Mostra Competitiva de Dan\u00e7a de Pernambuco (MOC), realizada no Teatro Barreto J\u00fanior, no Recife. Ao todo, 34 meninas da Escola mostraram o talento na competi\u00e7\u00e3o. Foram 20 pr\u00eamios, sendo nove medalhas de ouro, cinco medalhas de prata e duas de bronze.&nbsp; Al\u00e9m disso, os pr\u00eamios de bailarina revela\u00e7\u00e3o para Cec\u00edlia Duarte e o melhor conjunto do Festival com o \u201cThe Princesses Rock\u201d, grupo que representou o Brasil em Abril no Youth America Grand Prix (YAGP), maior campeonato de dan\u00e7a do mundo.&nbsp; As meninas da Ensaio tamb\u00e9m receberam a inscri\u00e7\u00e3o para dois festivais na Para\u00edba e um pr\u00eamio em dinheiro. Jazz musical, dan\u00e7a contempor\u00e2nea, dan\u00e7a popular e dan\u00e7as urbanas foram as modalidades&nbsp; apresentadas pelas talentosas bailarinas.<\/div>\n<div style=\"text-align: justify;\">\n<\/div>\n<div style=\"text-align: justify;\">\nAs meninas contaram com as vibra\u00e7\u00f5es positivas e a torcida dos familiares presentes no grande evento que busca valorizar a dan\u00e7a e o desenvolvimento art\u00edstico. Para a core\u00f3grafa e diretora da Ensaio Escola de Artes, M\u00f4nica Cibele, participar pela primeira vez de um festival em Pernambuco foi motivo de orgulho. \u201cDepois de participar de competi\u00e7\u00f5es em Nova York, Minas Gerais, S\u00e3o Paulo, Bahia, Cear\u00e1 e entre outros, chegou a hora de mostrar o talento em nosso Estado. Foi lindo ver as fam\u00edlias torcendo e apoiando as meninas\u201d, afirmou.<\/div>\n<div style=\"text-align: justify;\">\n<\/div>\n<div style=\"text-align: justify;\">\nOs pr\u00eamios recebidos demonstram o resultado obtido em dias de ensaio e ren\u00fancias. \u201cA disciplina e o compromisso das meninas com a dan\u00e7a e o empenho de procurar fazer sempre o melhor, fora e dentro dos palcos, \u00e9 de impressionar. O nosso prop\u00f3sito \u00e9 fazer com que elas mostrem o que sabem fazer, que \u00e9 levar a arte para os quatro cantos do Pa\u00eds. A gente as treina para a vida e n\u00e3o apenas para competir, pois o maior advers\u00e1rio que existe somos n\u00f3s mesmos. Ent\u00e3o, temos que nos superar a cada dia. \u00c9 assim, com o trabalho \u00e1rduo, os resultados sempre aparecem. Os festivais s\u00e3o apenas uma etapa dos frutos deste processo\u201d, finalizou M\u00f4nica Cibele.<\/div>\n","protected":false},"excerpt":{"rendered":"<p>A Ensaio Escola de Artes comemora mais uma conquista. Nos dias 30 de junho e 1\u00ba de julho, a escola&hellip;<\/p>\n","protected":false},"author":1,"featured_media":0,"comment_status":"open","ping_status":"open","sticky":false,"template":"","format":"standard","meta":{"footnotes":""},"categories":[1],"tags":[2,1880,6],"class_list":["post-1848","post","type-post","status-publish","format-standard","hentry","category-sem-categoria","tag-blog-do-edvaldo-magalhaes","tag-escola-de-caruaru-e-a-mais-premiada-da-mostra-competitiva-de-danca-de-pernambuco-moc","tag-noticias"],"_links":{"self":[{"href":"https:\/\/blogdoedvaldomagalhaes.com.br\/index.php\/wp-json\/wp\/v2\/posts\/1848","targetHints":{"allow":["GET"]}}],"collection":[{"href":"https:\/\/blogdoedvaldomagalhaes.com.br\/index.php\/wp-json\/wp\/v2\/posts"}],"about":[{"href":"https:\/\/blogdoedvaldomagalhaes.com.br\/index.php\/wp-json\/wp\/v2\/types\/post"}],"author":[{"embeddable":true,"href":"https:\/\/blogdoedvaldomagalhaes.com.br\/index.php\/wp-json\/wp\/v2\/users\/1"}],"replies":[{"embeddable":true,"href":"https:\/\/blogdoedvaldomagalhaes.com.br\/index.php\/wp-json\/wp\/v2\/comments?post=1848"}],"version-history":[{"count":1,"href":"https:\/\/blogdoedvaldomagalhaes.com.br\/index.php\/wp-json\/wp\/v2\/posts\/1848\/revisions"}],"predecessor-version":[{"id":32491,"href":"https:\/\/blogdoedvaldomagalhaes.com.br\/index.php\/wp-json\/wp\/v2\/posts\/1848\/revisions\/32491"}],"wp:attachment":[{"href":"https:\/\/blogdoedvaldomagalhaes.com.br\/index.php\/wp-json\/wp\/v2\/media?parent=1848"}],"wp:term":[{"taxonomy":"category","embeddable":true,"href":"https:\/\/blogdoedvaldomagalhaes.com.br\/index.php\/wp-json\/wp\/v2\/categories?post=1848"},{"taxonomy":"post_tag","embeddable":true,"href":"https:\/\/blogdoedvaldomagalhaes.com.br\/index.php\/wp-json\/wp\/v2\/tags?post=1848"}],"curies":[{"name":"wp","href":"https:\/\/api.w.org\/{rel}","templated":true}]}}