{"id":1847,"date":"2018-07-04T20:32:00","date_gmt":"2018-07-04T23:32:00","guid":{"rendered":"http:\/\/blogdoedvaldomagalhaes.com.br\/index.php\/2018\/07\/04\/confira-os-numeros-do-sao-joao-2018-e\/"},"modified":"2019-02-09T02:23:20","modified_gmt":"2019-02-09T04:23:20","slug":"confira-os-numeros-do-sao-joao-2018-e","status":"publish","type":"post","link":"https:\/\/blogdoedvaldomagalhaes.com.br\/index.php\/2018\/07\/04\/confira-os-numeros-do-sao-joao-2018-e\/","title":{"rendered":"Confira os n\u00fameros do S\u00e3o Jo\u00e3o 2018 e algumas atra\u00e7\u00f5es do pr\u00f3ximo ano"},"content":{"rendered":"<div class=\"separator\" style=\"clear: both; text-align: center;\">\n<a href=\"https:\/\/1.bp.blogspot.com\/-6MNugjtMIrU\/Wz0t7rlfzQI\/AAAAAAAA1ZU\/PWCO172aT6kh8cckipJuKrHVTuc1PgkUACLcBGAs\/s1600\/01.jpg\" imageanchor=\"1\" style=\"margin-left: 1em; margin-right: 1em;\"><img loading=\"lazy\" decoding=\"async\" border=\"0\" data-original-height=\"1000\" data-original-width=\"1500\" height=\"426\" src=\"http:\/\/blogdoedvaldomagalhaes.com.br\/wp-content\/uploads\/2018\/07\/01.jpg\" width=\"640\" \/><\/a><\/div>\n<div style=\"text-align: justify;\">\n<div style=\"text-align: center;\">\nFoto: Jorge Farias\/Divulga\u00e7\u00e3o<\/div>\n<p><\/div>\n<div style=\"text-align: justify;\">\nCom o an\u00fancio de cinco atra\u00e7\u00f5es do S\u00e3o Jo\u00e3o de 2019, Caruaru d\u00e1 mais uma mostra de planejamento e organiza\u00e7\u00e3o. Cinco \u00e2ncoras da programa\u00e7\u00e3o do Parque de Eventos foram anunciadas: Ful\u00f4 de Mandacaru, Elba Ramalho, Gustavo Mioto, Dj Alok e L\u00e9o Santana, bem como a amplia\u00e7\u00e3o do S\u00e3o Jo\u00e3o na Ro\u00e7a de dez para 14 polos. Al\u00e9m disso, a data dos festejos j\u00e1 foi divulgada: de 1\u00ba a 30 de junho.<\/div>\n<div style=\"text-align: justify;\">\n<\/div>\n<div style=\"text-align: justify;\">\nEste ano, a festa teve 30 dias de programa\u00e7\u00e3o em 22 polos espalhados pela zona urbana e rural, com 510 apresenta\u00e7\u00f5es. O p\u00fablico na cidade superou os 2,5 milh\u00f5es de visitantes. Foram gerados mais de 6 mil empregos diretos e indiretos e injetados cerca de R$ 200 milh\u00f5es na economia. As origens e a tradi\u00e7\u00f5es juninas como as comidas gigantes, o concurso de quadrilhas e a cidade cenogr\u00e1fica se juntaram a uma novidade implantada pela atual gest\u00e3o, o S\u00e3o Jo\u00e3o na Ro\u00e7a, que teve seus polos ampliados de quatro para dez, levando a festa com infraestrutura para a zona rural do munic\u00edpio.&nbsp;<\/p>\n<\/div>\n<div style=\"text-align: justify;\">\n<div class=\"separator\" style=\"clear: both; text-align: center;\">\n<a href=\"https:\/\/4.bp.blogspot.com\/-b2tz-ka0LqY\/Wz0vawcnQiI\/AAAAAAAA1Zg\/XPYxru5uFAA9uZXnmt4GipbqCCejEUo_ACLcBGAs\/s1600\/fogos.jpg\" imageanchor=\"1\" style=\"margin-left: 1em; margin-right: 1em;\"><img loading=\"lazy\" decoding=\"async\" border=\"0\" data-original-height=\"1065\" data-original-width=\"1600\" height=\"424\" src=\"http:\/\/blogdoedvaldomagalhaes.com.br\/wp-content\/uploads\/2018\/07\/fogos.jpg\" width=\"640\" \/><\/a><\/div>\n<div style=\"text-align: center;\">\nFoto: Jana\u00edna Pepeu\/Divulga\u00e7\u00e3o<\/div>\n<div style=\"text-align: center;\">\n<\/div>\n<\/div>\n<div style=\"text-align: justify;\">\nNo P\u00e1tio do Forr\u00f3, organiza\u00e7\u00e3o, seguran\u00e7a e diversidade. Atra\u00e7\u00f5es de peso fizeram com que a m\u00e9dia de p\u00fablico fosse uma das mais altas da \u00faltima d\u00e9cada.&nbsp; A verdadeira multid\u00e3o que participou dos festejos p\u00f4de constatar a atua\u00e7\u00e3o do Centro Integrado e Monitoramento e Gest\u00e3o de Eventos (Cimge), que, se no ano passado registrou uma redu\u00e7\u00e3o de 38% nos \u00edndices de viol\u00eancia, em 2018 conseguiu baixar o \u00edndice para 64% em rela\u00e7\u00e3o a 2017.<\/div>\n<div style=\"text-align: justify;\">\n<\/div>\n<div style=\"text-align: justify;\">\nForam 1461 atendimentos no Centro, sendo 43 deles por videomonitoramento. Este ano, nenhuma ocorr\u00eancia grave foi registrada. Para garantir o ir e vir dos milh\u00f5es de visitantes, a Destra montou uma opera\u00e7\u00e3o que totalizou 2502 autua\u00e7\u00f5es. Nos dias de shows, 179 remo\u00e7\u00f5es foram realizadas.<\/div>\n<div style=\"text-align: justify;\">\n<\/div>\n<div style=\"text-align: justify;\">\nA aten\u00e7\u00e3o \u00e0 sa\u00fade tamb\u00e9m esteve presente. Al\u00e9m dos atendimentos, que alcan\u00e7aram a marca de 880 durante todos os dias de festa, campanhas educativas como as de preven\u00e7\u00e3o \u00e0s DST\u2019s, com distribui\u00e7\u00e3o de preservativos, e do abuso do \u00e1lcool foram realizadas.&nbsp;<\/div>\n<div style=\"text-align: justify;\">\n<\/div>\n<div style=\"text-align: justify;\">\nA Secretaria de Desenvolvimento Social e Direitos Humanos tamb\u00e9m esteve presente com a\u00e7\u00f5es de acolhimento de crian\u00e7as com direitos violados ou em situa\u00e7\u00e3o de risco, arraial com mais de mil idosos de 11 cidades, al\u00e9m da realiza\u00e7\u00e3o do evento religioso Fogueira de Xang\u00f4. Vale ressaltar todo o trabalho realizado com rela\u00e7\u00e3o \u00e0 acessibilidade: o camarote destinado a pessoas com necessidades especiais recebeu mais de 560 convidados e, ainda, a Esta\u00e7\u00e3o Ferrovi\u00e1ria foi adaptada com obras f\u00edsicas que garantiram o acesso de todos. Nesse quesito, as apresenta\u00e7\u00f5es tamb\u00e9m foram inclusivas, com tradu\u00e7\u00e3o de libras em todas as noites de shows no Parque de Eventos. O p\u00fablico LGBT tamb\u00e9m foi contemplado, com a 4\u00aa Interven\u00e7\u00e3o Cultural LGBT.<\/div>\n<div style=\"text-align: justify;\">\n<\/div>\n<div style=\"text-align: justify;\">\nA a\u00e7\u00f5es pelas mulheres tamb\u00e9m tiveram destaque este ano. A Feira da Mulher Empreendedora, montada na Esta\u00e7\u00e3o Ferrovi\u00e1ria, contou com a exposi\u00e7\u00e3o de 50 microempreendedoras. Al\u00e9m disso, duas noites foram dedicadas \u00e0 for\u00e7a feminina. No Polo Azul\u00e3o, dia 24 de junho, quatro caruaruenses mostraram o empoderamento feminino e, no dia 29, no Polo das Quadrilhas, foi realizada a Noite Junina Feminina, com a apresenta\u00e7\u00e3o de 29 artistas mulheres. Mais de 1400 atendimentos foram prestados na Casa da Mulher, na Esta\u00e7\u00e3o Ferrovi\u00e1ria, e no Espa\u00e7o Mulher, localizado no Centro de Opera\u00e7\u00f5es Integradas (COI).<\/p>\n<div class=\"separator\" style=\"clear: both; text-align: center;\">\n<a href=\"https:\/\/2.bp.blogspot.com\/-NZFt6ULLVMI\/Wz0v6xCnOMI\/AAAAAAAA1Zo\/VTyAJZbIxfMq8GSPH8-kBBwqQsnq7R5IQCLcBGAs\/s1600\/esta%25C3%25A7%25C3%25A3o.jpg\" imageanchor=\"1\" style=\"margin-left: 1em; margin-right: 1em;\"><img loading=\"lazy\" decoding=\"async\" border=\"0\" data-original-height=\"1065\" data-original-width=\"1600\" height=\"424\" src=\"http:\/\/blogdoedvaldomagalhaes.com.br\/wp-content\/uploads\/2018\/07\/estaC3A7C3A3o.jpg\" width=\"640\" \/><\/a><\/div>\n<\/div>\n<div style=\"text-align: justify;\">\n<\/div>\n<div style=\"text-align: justify;\">\n&#8220;O S\u00e3o Jo\u00e3o \u00e9 uma oportunidade de reunir e mostrar toda a riqueza cultural, de servi\u00e7os e produtos que Caruaru tem durante o ano inteiro. N\u00f3s nos planejamos para que o visitante que vem em junho consiga, dentro da grande festa, perceber o cuidado que temos para que tudo funcione e o carinho que temos pelas pessoas e por essa cidade&#8221;, destaca Raquel Lyra, prefeita de Caruaru.&nbsp;<\/div>\n<div style=\"text-align: justify;\">\n<\/div>\n<div style=\"text-align: justify;\">\nS\u00e3o Jo\u00e3o de Caruaru 2018 em n\u00fameros:<\/div>\n<div style=\"text-align: justify;\">\n<\/div>\n<div style=\"text-align: justify;\">\n<b>Cultura<\/b><\/div>\n<div style=\"text-align: justify;\">\n<\/div>\n<div style=\"text-align: justify;\">\n22 polos<\/div>\n<div style=\"text-align: justify;\">\n<\/div>\n<div style=\"text-align: justify;\">\n510 apresenta\u00e7\u00f5es \u2013 m\u00fasica, dan\u00e7a, teatro, poesia, artesanato, artes pl\u00e1sticas, cinema, cultura popular<\/div>\n<div style=\"text-align: justify;\">\n<\/div>\n<div style=\"text-align: justify;\">\n394 artistas\/grupos de Caruaru (77%)<\/div>\n<div style=\"text-align: justify;\">\n<\/div>\n<div style=\"text-align: justify;\">\n370 artistas\/grupos contratados pelo edital (72%)<\/div>\n<div style=\"text-align: justify;\">\n<\/div>\n<div style=\"text-align: justify;\">\nSecretaria de Ordem P\u00fablica (SECOP)<\/div>\n<div style=\"text-align: justify;\">\n<\/div>\n<div style=\"text-align: justify;\">\nSistema CIMGE (atendimentos) \u2013 1.461<\/div>\n<div style=\"text-align: justify;\">\n<\/div>\n<div style=\"text-align: justify;\">\nAtendimentos por videomonitoramento \u2013 43<\/div>\n<div style=\"text-align: justify;\">\n<\/div>\n<div style=\"text-align: justify;\">\n<b>Mobilidade (DESTRA)<\/b><\/div>\n<div style=\"text-align: justify;\">\n<\/div>\n<div style=\"text-align: justify;\">\nN\u00famero de autua\u00e7\u00f5es &#8211; 2502<\/div>\n<div style=\"text-align: justify;\">\n<\/div>\n<div style=\"text-align: justify;\">\nN\u00famero de remo\u00e7\u00f5es &#8211; 179<\/div>\n<div style=\"text-align: justify;\">\n<\/div>\n<div style=\"text-align: justify;\">\n<b>Sa\u00fade<\/b><\/div>\n<div style=\"text-align: justify;\">\n<\/div>\n<div style=\"text-align: justify;\">\nTotal de atendimentos &#8211; 880<\/div>\n<div style=\"text-align: justify;\">\n<\/div>\n<div style=\"text-align: justify;\">\nDesse total, por uso excessivo de \u00e1lcool &#8211; 294<\/div>\n<div style=\"text-align: justify;\">\n<\/div>\n<div style=\"text-align: justify;\">\n<b>Vigil\u00e2ncia Sanit\u00e1ria<\/b><\/div>\n<div style=\"text-align: justify;\">\n<\/div>\n<div style=\"text-align: justify;\">\nN\u00famero de itens apreendidos &#8211; 864<\/div>\n<div style=\"text-align: justify;\">\n<\/div>\n<div style=\"text-align: justify;\">\n<b>Secretaria de Desenvolvimento Social e Direitos Humanos (SDSDH)<\/b><\/div>\n<div style=\"text-align: justify;\">\n<\/div>\n<div style=\"text-align: justify;\">\nCrian\u00e7as e adolescentes identificados com pulseiras &#8211; 6.554<\/div>\n<div style=\"text-align: justify;\">\n<\/div>\n<div style=\"text-align: justify;\">\nCrian\u00e7as acolhidas nos espa\u00e7os de prote\u00e7\u00e3o \u2013 279<\/div>\n<div style=\"text-align: justify;\">\n<\/div>\n<div style=\"text-align: justify;\">\nCrian\u00e7as e adolescentes identificadas em situa\u00e7\u00e3o de risco, viol\u00eancia e\/ou viola\u00e7\u00e3o de direitos \u2013 692<\/div>\n<div style=\"text-align: justify;\">\n<\/div>\n<div style=\"text-align: justify;\">\n<b>Secretaria de Pol\u00edticas para Mulheres (SPM)<\/b><\/div>\n<div style=\"text-align: justify;\">\n<b><br \/><\/b><\/div>\n<div style=\"text-align: justify;\">\nAtendimentos na Casa da Mulher na Esta\u00e7\u00e3o Ferrovi\u00e1ria\/ Espa\u00e7o Mulher<\/div>\n<div style=\"text-align: justify;\">\n<\/div>\n<div style=\"text-align: justify;\">\n<b>No COI \u2013 1465<\/b><\/div>\n<div style=\"text-align: justify;\">\n<\/div>\n<div style=\"text-align: justify;\">\nAtendimentos relacionados \u00e0 viol\u00eancia contra a mulher &#8211; 17<\/div>\n<div style=\"text-align: justify;\">\n<\/div>\n<div style=\"text-align: justify;\">\n<b>Conselho Tutelar<\/b><\/div>\n<div style=\"text-align: justify;\">\n<\/div>\n<div style=\"text-align: justify;\">\nTotal de atendimentos \u2013 203<\/div>\n<div style=\"text-align: justify;\">\n<\/div>\n<div style=\"text-align: justify;\">\n<b>Procon<\/b><\/div>\n<div style=\"text-align: justify;\">\n<\/div>\n<div style=\"text-align: justify;\">\nFiscaliza\u00e7\u00f5es \u2013 437<\/div>\n<div style=\"text-align: justify;\">\n<\/div>\n<div style=\"text-align: justify;\">\n<b>Ouvidoria<\/b><\/div>\n<div style=\"text-align: justify;\">\n<\/div>\n<div style=\"text-align: justify;\">\nDivulga\u00e7\u00e3o de informativo sobre os servi\u00e7os do \u00f3rg\u00e3o<\/div>\n<div style=\"text-align: justify;\">\n<\/div>\n<div style=\"text-align: justify;\">\n<b>Juizado do Forr\u00f3<\/b><\/div>\n<div style=\"text-align: justify;\">\n<\/div>\n<div style=\"text-align: justify;\">\nAtendimentos &#8211; 30 audi\u00eancias&nbsp;<\/div>\n<div style=\"text-align: justify;\">\n<\/div>\n","protected":false},"excerpt":{"rendered":"<p>Foto: Jorge Farias\/Divulga\u00e7\u00e3o Com o an\u00fancio de cinco atra\u00e7\u00f5es do S\u00e3o Jo\u00e3o de 2019, Caruaru d\u00e1 mais uma mostra de&hellip;<\/p>\n","protected":false},"author":1,"featured_media":0,"comment_status":"open","ping_status":"open","sticky":false,"template":"","format":"standard","meta":{"footnotes":""},"categories":[1],"tags":[2,1879,6],"class_list":["post-1847","post","type-post","status-publish","format-standard","hentry","category-sem-categoria","tag-blog-do-edvaldo-magalhaes","tag-confira-os-numeros-do-sao-joao-2018-e-algumas-atracoes-do-proximo-ano","tag-noticias"],"_links":{"self":[{"href":"https:\/\/blogdoedvaldomagalhaes.com.br\/index.php\/wp-json\/wp\/v2\/posts\/1847","targetHints":{"allow":["GET"]}}],"collection":[{"href":"https:\/\/blogdoedvaldomagalhaes.com.br\/index.php\/wp-json\/wp\/v2\/posts"}],"about":[{"href":"https:\/\/blogdoedvaldomagalhaes.com.br\/index.php\/wp-json\/wp\/v2\/types\/post"}],"author":[{"embeddable":true,"href":"https:\/\/blogdoedvaldomagalhaes.com.br\/index.php\/wp-json\/wp\/v2\/users\/1"}],"replies":[{"embeddable":true,"href":"https:\/\/blogdoedvaldomagalhaes.com.br\/index.php\/wp-json\/wp\/v2\/comments?post=1847"}],"version-history":[{"count":1,"href":"https:\/\/blogdoedvaldomagalhaes.com.br\/index.php\/wp-json\/wp\/v2\/posts\/1847\/revisions"}],"predecessor-version":[{"id":32495,"href":"https:\/\/blogdoedvaldomagalhaes.com.br\/index.php\/wp-json\/wp\/v2\/posts\/1847\/revisions\/32495"}],"wp:attachment":[{"href":"https:\/\/blogdoedvaldomagalhaes.com.br\/index.php\/wp-json\/wp\/v2\/media?parent=1847"}],"wp:term":[{"taxonomy":"category","embeddable":true,"href":"https:\/\/blogdoedvaldomagalhaes.com.br\/index.php\/wp-json\/wp\/v2\/categories?post=1847"},{"taxonomy":"post_tag","embeddable":true,"href":"https:\/\/blogdoedvaldomagalhaes.com.br\/index.php\/wp-json\/wp\/v2\/tags?post=1847"}],"curies":[{"name":"wp","href":"https:\/\/api.w.org\/{rel}","templated":true}]}}