{"id":1846,"date":"2018-07-04T20:54:00","date_gmt":"2018-07-04T23:54:00","guid":{"rendered":"http:\/\/blogdoedvaldomagalhaes.com.br\/index.php\/2018\/07\/04\/confira-programacao-oficial-do-1\/"},"modified":"2019-02-09T02:23:20","modified_gmt":"2019-02-09T04:23:20","slug":"confira-programacao-oficial-do-1","status":"publish","type":"post","link":"https:\/\/blogdoedvaldomagalhaes.com.br\/index.php\/2018\/07\/04\/confira-programacao-oficial-do-1\/","title":{"rendered":"Confira a programa\u00e7\u00e3o oficial do 1\u00ba Festival Caf\u00e9 Cultural em Taquaritinga do Norte"},"content":{"rendered":"<div class=\"separator\" style=\"clear: both; text-align: center;\">\n<a href=\"https:\/\/4.bp.blogspot.com\/-Q2ncjXrxExU\/Wz0ziZczCQI\/AAAAAAAA1Z0\/W8W77xR2m48f0Sz97Fdr7KOeXoRgpzpBwCLcBGAs\/s1600\/caf%25C3%25A9.jpg\" imageanchor=\"1\" style=\"margin-left: 1em; margin-right: 1em;\"><img loading=\"lazy\" decoding=\"async\" border=\"0\" data-original-height=\"561\" data-original-width=\"561\" height=\"640\" src=\"http:\/\/blogdoedvaldomagalhaes.com.br\/wp-content\/uploads\/2018\/07\/cafC3A9.jpg\" width=\"640\" \/><\/a><\/div>\n<div style=\"text-align: justify;\">\n<\/div>\n<div style=\"text-align: justify;\">\nA pacata e aconchegante cidade de Taquaritinga do Norte ser\u00e1 roteiro certo para os amantes do caf\u00e9, boa m\u00fasica, e cultura entre os dias 19 e 22 de julho, com a realiza\u00e7\u00e3o do 1\u00ba Festival Cultural do Caf\u00e9.<\/div>\n<div style=\"text-align: justify;\">\n<\/div>\n<div style=\"text-align: justify;\">\nO evento vem resgatar e valorizar a cultura do caf\u00e9, muito rica na cidade, que j\u00e1 foi coroada como tendo um dos melhores caf\u00e9s do Pa\u00eds. Seu tipo \u00e9 o caf\u00e9 ar\u00e1bica sombreado, cultivado as sombra das \u00e1rvores. O mesmo \u00e9 100% org\u00e2nico, s\u00f3 recebe aduba\u00e7\u00e3o natural e \u00e9 exportado para v\u00e1rios Pa\u00edses, pois \u00e9 o \u00fanico do pa\u00eds que serve para utiliza\u00e7\u00e3o em qualquer tipo de bebida feita a base de caf\u00e9, porque tem o gosto achocolatado.<\/div>\n<div style=\"text-align: justify;\">\n<\/div>\n<div style=\"text-align: justify;\">\nDurante o evento, a cidade se transformar\u00e1 em um grande multiculturalismo no interior do estado, com cinco polos de anima\u00e7\u00e3o que reunir\u00e1 grupos de cultura popular de cortejos, renomados artistas musicais do Forr\u00f3, MPB e ritmos da cultura pernambucana, bem como, oficinas de forma\u00e7\u00e3o, exposi\u00e7\u00f5es e um consider\u00e1vel aquecimento da economia com a gera\u00e7\u00e3o de empregos e fortalecimento do turismo.<\/div>\n<div style=\"text-align: justify;\">\n<\/div>\n<div style=\"text-align: justify;\">\nConfira a programa\u00e7\u00e3o completa:<\/div>\n<div style=\"text-align: justify;\">\n<\/div>\n<div style=\"text-align: justify;\">\n<b>Quinta &#8211; feira \u2013 19 de julho<\/b><\/div>\n<div style=\"text-align: justify;\">\n<\/div>\n<div style=\"text-align: justify;\">\n&#8211; Polo Liter\u00e1rio (C\u00e2mara dos Vereadores)<\/div>\n<div style=\"text-align: justify;\">\n<\/div>\n<div style=\"text-align: justify;\">\n16h \u2013 Lan\u00e7amento de Livro<\/div>\n<div style=\"text-align: justify;\">\n<\/div>\n<div style=\"text-align: justify;\">\n&#8211; Polo Arte e Poesia<\/div>\n<div style=\"text-align: justify;\">\n<\/div>\n<div style=\"text-align: justify;\">\n17h &#8211; Teatro de Mamulengos<\/div>\n<div style=\"text-align: justify;\">\n<\/div>\n<div style=\"text-align: justify;\">\n18h \u2013 Cantoria de Violeiros<\/div>\n<div style=\"text-align: justify;\">\n<\/div>\n<div style=\"text-align: justify;\">\n&#8211; Polo Teatro do SESC (Altar da P\u00e1tria)<\/div>\n<div style=\"text-align: justify;\">\n<\/div>\n<div style=\"text-align: justify;\">\n18h \u2013 Grupo Cultural Siriri do Horizonte Alegre \u2013 (Cidade de Pedra)<\/div>\n<div style=\"text-align: justify;\">\n<\/div>\n<div style=\"text-align: justify;\">\n&#8211; Quadrilha Junina (Cidade de Pedra)<\/div>\n<div style=\"text-align: justify;\">\n<\/div>\n<div style=\"text-align: justify;\">\n&#8211; Sarau Estudantil (Apresenta\u00e7\u00f5es Culturais)<\/div>\n<div style=\"text-align: justify;\">\n<\/div>\n<div style=\"text-align: justify;\">\n&#8211; Show com Alexandre Revoredo<\/div>\n<div style=\"text-align: justify;\">\n<\/div>\n<div style=\"text-align: justify;\">\n&#8211; Polo Caf\u00e9 no Coreto (Cafeteria)<\/div>\n<div style=\"text-align: justify;\">\n<\/div>\n<div style=\"text-align: justify;\">\nEstandes com artesanato (todos os dias do Festival)<\/div>\n<div style=\"text-align: justify;\">\n<\/div>\n<div style=\"text-align: justify;\">\n<b>Sexta \u2013 feira \u2013 20 de julho<\/b><\/div>\n<div style=\"text-align: justify;\">\n<\/div>\n<div style=\"text-align: justify;\">\n&#8211; Polo Liter\u00e1rio (C\u00e2mara dos vereadores)<\/div>\n<div style=\"text-align: justify;\">\n<\/div>\n<div style=\"text-align: justify;\">\n16h \u2013 Lan\u00e7amento de Livro &#8211; Isabele Moreira<\/div>\n<div style=\"text-align: justify;\">\n<\/div>\n<div style=\"text-align: justify;\">\n&#8211; Polo Arte e Poesia<\/div>\n<div style=\"text-align: justify;\">\n<\/div>\n<div style=\"text-align: justify;\">\n17h \u2013 Oficina de Teatro e apresenta\u00e7\u00f5es<\/div>\n<div style=\"text-align: justify;\">\n<\/div>\n<div style=\"text-align: justify;\">\n&#8211; Polo Teatro do SESC<\/div>\n<div style=\"text-align: justify;\">\n<\/div>\n<div style=\"text-align: justify;\">\n18h \u2013 Grupo 2 em cena \u2013 Pe\u00e7a Teatral Sol l\u00e1 no Picadeiro<\/div>\n<div style=\"text-align: justify;\">\n<\/div>\n<div style=\"text-align: justify;\">\n&#8211; Quadrilha Junina (cidade de Sanhar\u00f3)<\/div>\n<div style=\"text-align: justify;\">\n<\/div>\n<div style=\"text-align: justify;\">\n&#8211; Grupo de Xaxado Cabras de Lampi\u00e3o<\/div>\n<div style=\"text-align: justify;\">\n<\/div>\n<div style=\"text-align: justify;\">\n&#8211; Show com Socorro e Maz\u00e9<\/div>\n<div style=\"text-align: justify;\">\n<\/div>\n<div style=\"text-align: justify;\">\n&#8211; Polo Principal<\/div>\n<div style=\"text-align: justify;\">\n<\/div>\n<div style=\"text-align: justify;\">\n22h \u2013 Trio Nordestino<\/div>\n<div style=\"text-align: justify;\">\n<\/div>\n<div style=\"text-align: justify;\">\n&#8211; Santana o Cantador<\/div>\n<div style=\"text-align: justify;\">\n<\/div>\n<div style=\"text-align: justify;\">\n&#8211; Ful\u00f4 de Mandacaru<\/div>\n<div style=\"text-align: justify;\">\n<\/div>\n<div style=\"text-align: justify;\">\n<b>S\u00e1bado \u2013 21 de julho<\/b><\/div>\n<div style=\"text-align: justify;\">\n<\/div>\n<div style=\"text-align: justify;\">\n9h \u2013 Caminhada ecol\u00f3gica<\/div>\n<div style=\"text-align: justify;\">\n<\/div>\n<div style=\"text-align: justify;\">\n16h- Cortejo Multicultural pelas principais ruas da cidade<\/div>\n<div style=\"text-align: justify;\">\n<\/div>\n<div style=\"text-align: justify;\">\n&#8211; Polo Liter\u00e1rio (C\u00e2mara dos vereadores)<\/div>\n<div style=\"text-align: justify;\">\n<\/div>\n<div style=\"text-align: justify;\">\n16h \u2013 Lan\u00e7amento de Livro \u2013 Geraldo Freire<\/div>\n<div style=\"text-align: justify;\">\n<\/div>\n<div style=\"text-align: justify;\">\n&#8211; Polo Arte e Poesia<\/div>\n<div style=\"text-align: justify;\">\n<\/div>\n<div style=\"text-align: justify;\">\n18h \u2013 Conta\u00e7\u00e3o de est\u00f3rias \u2013 Arly Arnold<\/div>\n<div style=\"text-align: justify;\">\n<\/div>\n<div style=\"text-align: justify;\">\n&#8211; Monologo (Pe\u00e7a Teatral)<\/div>\n<div style=\"text-align: justify;\">\n<\/div>\n<div style=\"text-align: justify;\">\n&#8211; Polo Teatro do SESC<\/div>\n<div style=\"text-align: justify;\">\n<\/div>\n<div style=\"text-align: justify;\">\n18h \u2013 Pe\u00e7a Teatral &#8211; Sonhos do Palha\u00e7o Nuneca<\/div>\n<div style=\"text-align: justify;\">\n<\/div>\n<div style=\"text-align: justify;\">\n&#8211; Show com Vertim Moura<\/div>\n<div style=\"text-align: justify;\">\n<\/div>\n<div style=\"text-align: justify;\">\n&#8211; Desfile de Moda<\/div>\n<div style=\"text-align: justify;\">\n<\/div>\n<div style=\"text-align: justify;\">\n&#8211; Show com Lara Sales (cantores de r\u00e1dio)<\/div>\n<div style=\"text-align: justify;\">\n<\/div>\n<div style=\"text-align: justify;\">\n&#8211; Polo Principal<\/div>\n<div style=\"text-align: justify;\">\n<\/div>\n<div style=\"text-align: justify;\">\n22h \u2013 O Disco (Tributo a Banda Roupa Nova)<\/div>\n<div style=\"text-align: justify;\">\n<\/div>\n<div style=\"text-align: justify;\">\n&#8211; Adilson Ramos<\/div>\n<div style=\"text-align: justify;\">\n<\/div>\n<div style=\"text-align: justify;\">\n<b>Domingo \u2013 22 de julho<\/b><\/div>\n<div style=\"text-align: justify;\">\n<\/div>\n<div style=\"text-align: justify;\">\n&#8211; Polo Principal<\/div>\n<div style=\"text-align: justify;\">\n<\/div>\n<div style=\"text-align: justify;\">\n14h \u2013 Orquestra de Frevo<\/div>\n<div style=\"text-align: justify;\">\n<\/div>\n<div style=\"text-align: justify;\">\n&#8211; Show Viva Pernambuco (Andr\u00e9 Rio, Luciano Magno, Cezinha do Acordeon, Carla Rio)<\/div>\n<div style=\"text-align: justify;\">\n<\/div>\n<div style=\"text-align: justify;\">\n&#8211; Benil<\/div>\n<div style=\"text-align: justify;\">\n<\/div>\n<div style=\"text-align: justify;\">\n<\/div>\n","protected":false},"excerpt":{"rendered":"<p>A pacata e aconchegante cidade de Taquaritinga do Norte ser\u00e1 roteiro certo para os amantes do caf\u00e9, boa m\u00fasica, e&hellip;<\/p>\n","protected":false},"author":1,"featured_media":0,"comment_status":"open","ping_status":"open","sticky":false,"template":"","format":"standard","meta":{"footnotes":""},"categories":[1],"tags":[2,1878,6],"class_list":["post-1846","post","type-post","status-publish","format-standard","hentry","category-sem-categoria","tag-blog-do-edvaldo-magalhaes","tag-confira-a-programacao-oficial-do-1o-festival-cafe-cultural-em-taquaritinga-do-norte","tag-noticias"],"_links":{"self":[{"href":"https:\/\/blogdoedvaldomagalhaes.com.br\/index.php\/wp-json\/wp\/v2\/posts\/1846","targetHints":{"allow":["GET"]}}],"collection":[{"href":"https:\/\/blogdoedvaldomagalhaes.com.br\/index.php\/wp-json\/wp\/v2\/posts"}],"about":[{"href":"https:\/\/blogdoedvaldomagalhaes.com.br\/index.php\/wp-json\/wp\/v2\/types\/post"}],"author":[{"embeddable":true,"href":"https:\/\/blogdoedvaldomagalhaes.com.br\/index.php\/wp-json\/wp\/v2\/users\/1"}],"replies":[{"embeddable":true,"href":"https:\/\/blogdoedvaldomagalhaes.com.br\/index.php\/wp-json\/wp\/v2\/comments?post=1846"}],"version-history":[{"count":1,"href":"https:\/\/blogdoedvaldomagalhaes.com.br\/index.php\/wp-json\/wp\/v2\/posts\/1846\/revisions"}],"predecessor-version":[{"id":32497,"href":"https:\/\/blogdoedvaldomagalhaes.com.br\/index.php\/wp-json\/wp\/v2\/posts\/1846\/revisions\/32497"}],"wp:attachment":[{"href":"https:\/\/blogdoedvaldomagalhaes.com.br\/index.php\/wp-json\/wp\/v2\/media?parent=1846"}],"wp:term":[{"taxonomy":"category","embeddable":true,"href":"https:\/\/blogdoedvaldomagalhaes.com.br\/index.php\/wp-json\/wp\/v2\/categories?post=1846"},{"taxonomy":"post_tag","embeddable":true,"href":"https:\/\/blogdoedvaldomagalhaes.com.br\/index.php\/wp-json\/wp\/v2\/tags?post=1846"}],"curies":[{"name":"wp","href":"https:\/\/api.w.org\/{rel}","templated":true}]}}