{"id":1845,"date":"2018-07-04T21:51:00","date_gmt":"2018-07-05T00:51:00","guid":{"rendered":"http:\/\/blogdoedvaldomagalhaes.com.br\/index.php\/2018\/07\/04\/petrobras-anuncia-mais-um-aumento-no\/"},"modified":"2019-02-09T02:23:21","modified_gmt":"2019-02-09T04:23:21","slug":"petrobras-anuncia-mais-um-aumento-no","status":"publish","type":"post","link":"https:\/\/blogdoedvaldomagalhaes.com.br\/index.php\/2018\/07\/04\/petrobras-anuncia-mais-um-aumento-no\/","title":{"rendered":"Petrobras anuncia mais um aumento no pre\u00e7o do g\u00e1s de cozinha"},"content":{"rendered":"<div class=\"separator\" style=\"clear: both; text-align: center;\">\n<a href=\"https:\/\/3.bp.blogspot.com\/-dI_ex1PYnV4\/Wz1BalEBrmI\/AAAAAAAA1aA\/F21ovD2kXlMjWXtEWSUPOi4jD08dNxz9wCLcBGAs\/s1600\/agencia.jpg\" imageanchor=\"1\" style=\"margin-left: 1em; margin-right: 1em;\"><img loading=\"lazy\" decoding=\"async\" border=\"0\" data-original-height=\"214\" data-original-width=\"300\" height=\"456\" src=\"http:\/\/blogdoedvaldomagalhaes.com.br\/wp-content\/uploads\/2018\/07\/agencia.jpg\" width=\"640\" \/><\/a><\/div>\n<div class=\"separator\" style=\"clear: both; text-align: center;\">\nFoto: Arquivo\/Ag\u00eancia Brasil<\/div>\n<div style=\"background-color: white; box-sizing: border-box; line-height: 24px; margin-bottom: 10px; text-align: justify;\">\n<\/div>\n<div style=\"background-color: white; box-sizing: border-box; line-height: 24px; margin-bottom: 10px; text-align: justify;\">\nO g\u00e1s de cozinha ter\u00e1 novo aumento de 4,4%. O an\u00fancio foi feito nesta quarta-feira (04) pela Petrobras. O reajuste, segundo a estatal, reflete a desvaloriza\u00e7\u00e3o do real frente ao d\u00f3lar, que acumula 16% nos \u00faltimos tr\u00eas meses, e a eleva\u00e7\u00e3o das cota\u00e7\u00f5es internacionais de 22%.<\/div>\n<div style=\"background-color: white; box-sizing: border-box; line-height: 24px; margin-bottom: 10px; text-align: justify;\">\nO novo pre\u00e7o entra em vigor nesta quinta-feira (05). O g\u00e1s vendido em botij\u00f5es de 13 quilos \u00e9 reajustado a casa tr\u00eas meses.<\/div>\n<div style=\"background-color: white; box-sizing: border-box; line-height: 24px; margin-bottom: 10px; text-align: justify;\">\nDe acordo com pesquisa do IBGE, a alta no pre\u00e7o do g\u00e1s em 2017 levou mais de 1 milh\u00e3o de resid\u00eancias a adotarem combust\u00edveis alternativos, como a lenha e o carv\u00e3o, para cozinhar alimentos.<\/div>\n","protected":false},"excerpt":{"rendered":"<p>Foto: Arquivo\/Ag\u00eancia Brasil O g\u00e1s de cozinha ter\u00e1 novo aumento de 4,4%. O an\u00fancio foi feito nesta quarta-feira (04) pela&hellip;<\/p>\n","protected":false},"author":1,"featured_media":0,"comment_status":"open","ping_status":"open","sticky":false,"template":"","format":"standard","meta":{"footnotes":""},"categories":[1],"tags":[2,6,1877],"class_list":["post-1845","post","type-post","status-publish","format-standard","hentry","category-sem-categoria","tag-blog-do-edvaldo-magalhaes","tag-noticias","tag-petrobras-anuncia-mais-um-aumento-no-preco-do-gas-de-cozinha"],"_links":{"self":[{"href":"https:\/\/blogdoedvaldomagalhaes.com.br\/index.php\/wp-json\/wp\/v2\/posts\/1845","targetHints":{"allow":["GET"]}}],"collection":[{"href":"https:\/\/blogdoedvaldomagalhaes.com.br\/index.php\/wp-json\/wp\/v2\/posts"}],"about":[{"href":"https:\/\/blogdoedvaldomagalhaes.com.br\/index.php\/wp-json\/wp\/v2\/types\/post"}],"author":[{"embeddable":true,"href":"https:\/\/blogdoedvaldomagalhaes.com.br\/index.php\/wp-json\/wp\/v2\/users\/1"}],"replies":[{"embeddable":true,"href":"https:\/\/blogdoedvaldomagalhaes.com.br\/index.php\/wp-json\/wp\/v2\/comments?post=1845"}],"version-history":[{"count":1,"href":"https:\/\/blogdoedvaldomagalhaes.com.br\/index.php\/wp-json\/wp\/v2\/posts\/1845\/revisions"}],"predecessor-version":[{"id":32499,"href":"https:\/\/blogdoedvaldomagalhaes.com.br\/index.php\/wp-json\/wp\/v2\/posts\/1845\/revisions\/32499"}],"wp:attachment":[{"href":"https:\/\/blogdoedvaldomagalhaes.com.br\/index.php\/wp-json\/wp\/v2\/media?parent=1845"}],"wp:term":[{"taxonomy":"category","embeddable":true,"href":"https:\/\/blogdoedvaldomagalhaes.com.br\/index.php\/wp-json\/wp\/v2\/categories?post=1845"},{"taxonomy":"post_tag","embeddable":true,"href":"https:\/\/blogdoedvaldomagalhaes.com.br\/index.php\/wp-json\/wp\/v2\/tags?post=1845"}],"curies":[{"name":"wp","href":"https:\/\/api.w.org\/{rel}","templated":true}]}}