{"id":1844,"date":"2018-07-04T22:21:00","date_gmt":"2018-07-05T01:21:00","guid":{"rendered":"http:\/\/blogdoedvaldomagalhaes.com.br\/index.php\/2018\/07\/04\/homem-encontrado-morto-dentro-da\/"},"modified":"2019-02-09T02:23:21","modified_gmt":"2019-02-09T04:23:21","slug":"homem-encontrado-morto-dentro-da","status":"publish","type":"post","link":"https:\/\/blogdoedvaldomagalhaes.com.br\/index.php\/2018\/07\/04\/homem-encontrado-morto-dentro-da\/","title":{"rendered":"Homem encontrado morto dentro da pr\u00f3pria resid\u00eancia em Caruaru"},"content":{"rendered":"<div class=\"separator\" style=\"clear: both; text-align: center;\">\n<a href=\"https:\/\/3.bp.blogspot.com\/-zLJRuZLhA_w\/Wz1HLpOKCFI\/AAAAAAAA1aM\/yCjKAQ7HkkgRn_arzbrx831BKE9qsdbaQCLcBGAs\/s1600\/foto.jpg\" imageanchor=\"1\" style=\"margin-left: 1em; margin-right: 1em;\"><img loading=\"lazy\" decoding=\"async\" border=\"0\" data-original-height=\"540\" data-original-width=\"960\" height=\"360\" src=\"http:\/\/blogdoedvaldomagalhaes.com.br\/wp-content\/uploads\/2018\/07\/foto.jpg\" width=\"640\" \/><\/a><\/div>\n<div class=\"separator\" style=\"clear: both; text-align: center;\">\nFoto: WhatsApp\/Cortesia<\/div>\n<div class=\"separator\" style=\"clear: both; text-align: justify;\">\n<\/div>\n<div class=\"separator\" style=\"clear: both; text-align: center;\">\n<\/div>\n<div style=\"text-align: justify;\">\nUm homem foi encontrado morto em cima de um colch\u00e3o dentro da pr\u00f3pria resid\u00eancia em estado de decomposi\u00e7\u00e3o nesta quarta-feira (04), na avenida Rio de Janeiro, no bairro S\u00e3o Francisco. A v\u00edtima foi Luciano Galindo, de 30 anos. Vizinhos disseram aos policiais do 1\u00ba BIEsp que desde a v\u00e9spera de S\u00e3o Pedro que ele n\u00e3o era visto na rua, e que o mesmo vivia doente, mas ingeria bebida alco\u00f3lica, e se separou da esposa recentemente, passando a beber ainda mais, tendo constantes ataques epil\u00e9ticos. Peritos criminais estiveram no local e atestaram &#8220;morte a esclarecer&#8221;. O corpo foi encaminhado para o&nbsp;Instituto de Medicina Legal (IML) do Recife.<\/p>\n<div class=\"post-body entry-content\" id=\"post-body-6375964243141202425\" itemprop=\"articleBody\" style=\"background-color: white; color: #222222; font-family: Arial, Tahoma, Helvetica, FreeSans, sans-serif; font-size: 13.2px; line-height: 1.4; position: relative; text-align: start; width: 420px;\">\n<div class=\"MsoNormal\" style=\"text-align: justify;\">\n<\/div>\n<\/div>\n<p><a href=\"https:\/\/2.bp.blogspot.com\/-fY0yU7pJUqc\/Wz1Mit7nciI\/AAAAAAAA1aY\/ZKO86jlPNaE1_26QmZusnMEl3sadf1cHACLcBGAs\/s1600\/IMG-20180704-WA0151.jpg\" imageanchor=\"1\" style=\"margin-left: 1em; margin-right: 1em;\"><img loading=\"lazy\" decoding=\"async\" border=\"0\" data-original-height=\"720\" data-original-width=\"1280\" height=\"360\" src=\"http:\/\/blogdoedvaldomagalhaes.com.br\/wp-content\/uploads\/2018\/07\/IMG-20180704-WA0151.jpg\" width=\"640\" \/><\/a><\/p>\n<p><\/div>\n","protected":false},"excerpt":{"rendered":"<p>Foto: WhatsApp\/Cortesia Um homem foi encontrado morto em cima de um colch\u00e3o dentro da pr\u00f3pria resid\u00eancia em estado de decomposi\u00e7\u00e3o&hellip;<\/p>\n","protected":false},"author":1,"featured_media":0,"comment_status":"open","ping_status":"open","sticky":false,"template":"","format":"standard","meta":{"footnotes":""},"categories":[1],"tags":[107,2,1875,13,1876],"class_list":["post-1844","post","type-post","status-publish","format-standard","hentry","category-sem-categoria","tag-bairro-sao-francisco","tag-blog-do-edvaldo-magalhaes","tag-homem-encontrado-morto-dentro-da-propria-residencia-em-caruaru","tag-policial","tag-rua-rio-de-janeiro"],"_links":{"self":[{"href":"https:\/\/blogdoedvaldomagalhaes.com.br\/index.php\/wp-json\/wp\/v2\/posts\/1844","targetHints":{"allow":["GET"]}}],"collection":[{"href":"https:\/\/blogdoedvaldomagalhaes.com.br\/index.php\/wp-json\/wp\/v2\/posts"}],"about":[{"href":"https:\/\/blogdoedvaldomagalhaes.com.br\/index.php\/wp-json\/wp\/v2\/types\/post"}],"author":[{"embeddable":true,"href":"https:\/\/blogdoedvaldomagalhaes.com.br\/index.php\/wp-json\/wp\/v2\/users\/1"}],"replies":[{"embeddable":true,"href":"https:\/\/blogdoedvaldomagalhaes.com.br\/index.php\/wp-json\/wp\/v2\/comments?post=1844"}],"version-history":[{"count":1,"href":"https:\/\/blogdoedvaldomagalhaes.com.br\/index.php\/wp-json\/wp\/v2\/posts\/1844\/revisions"}],"predecessor-version":[{"id":32502,"href":"https:\/\/blogdoedvaldomagalhaes.com.br\/index.php\/wp-json\/wp\/v2\/posts\/1844\/revisions\/32502"}],"wp:attachment":[{"href":"https:\/\/blogdoedvaldomagalhaes.com.br\/index.php\/wp-json\/wp\/v2\/media?parent=1844"}],"wp:term":[{"taxonomy":"category","embeddable":true,"href":"https:\/\/blogdoedvaldomagalhaes.com.br\/index.php\/wp-json\/wp\/v2\/categories?post=1844"},{"taxonomy":"post_tag","embeddable":true,"href":"https:\/\/blogdoedvaldomagalhaes.com.br\/index.php\/wp-json\/wp\/v2\/tags?post=1844"}],"curies":[{"name":"wp","href":"https:\/\/api.w.org\/{rel}","templated":true}]}}