{"id":1843,"date":"2018-07-05T15:52:00","date_gmt":"2018-07-05T18:52:00","guid":{"rendered":"http:\/\/blogdoedvaldomagalhaes.com.br\/index.php\/2018\/07\/05\/mansao-forro-continua-com-copa-do-mundo\/"},"modified":"2019-02-09T02:23:21","modified_gmt":"2019-02-09T04:23:21","slug":"mansao-forro-continua-com-copa-do-mundo","status":"publish","type":"post","link":"https:\/\/blogdoedvaldomagalhaes.com.br\/index.php\/2018\/07\/05\/mansao-forro-continua-com-copa-do-mundo\/","title":{"rendered":"Mans\u00e3o Forr\u00f3 continua com Copa do Mundo e Gabriel Diniz"},"content":{"rendered":"<p><\/p>\n<div class=\"separator\" style=\"clear: both; text-align: center;\">\n<a href=\"https:\/\/1.bp.blogspot.com\/-xPlit2nAMS0\/Wz4-VjGG8aI\/AAAAAAAA1bQ\/VK8bIfQUN7E8cJU26A1izUwdBeh1bI4WQCLcBGAs\/s1600\/1.jpg\" imageanchor=\"1\" style=\"margin-left: 1em; margin-right: 1em;\"><img loading=\"lazy\" decoding=\"async\" border=\"0\" data-original-height=\"1120\" data-original-width=\"1600\" height=\"448\" src=\"http:\/\/blogdoedvaldomagalhaes.com.br\/wp-content\/uploads\/2018\/07\/1-2.jpg\" width=\"640\" \/><\/a><\/div>\n<div class=\"MsoNormal\" style=\"background: white; mso-line-height-alt: 12.65pt; text-align: justify;\">\n<\/div>\n<div class=\"MsoNormal\" style=\"background: white; mso-line-height-alt: 12.65pt; text-align: justify;\">\nPensa que o S\u00e3o Jo\u00e3o acabou em Caruaru? Na Mans\u00e3o Forr\u00f3 a festa continua<br \/>\ndurante o m\u00eas de julho. E esta semana o agito \u00e9 em dose dupla: na sexta-feira<br \/>\n(6), com a transmiss\u00e3o do jogo da sele\u00e7\u00e3o brasileira, e no s\u00e1bado (7), com<br \/>\nningu\u00e9m menos que o cantor Gabriel Diniz, o GD.<\/div>\n<div class=\"MsoNormal\" style=\"background: white; mso-line-height-alt: 12.65pt; text-align: justify;\">\n<\/div>\n<div class=\"MsoNormal\" style=\"background: white; mso-line-height-alt: 12.65pt; text-align: justify;\">\nQuem for assistir \u00e0 partida entre Brasil e B\u00e9lgica, a partir das 14h, da<br \/>\nsexta (6), contar\u00e1 com show de Klever Lemos, na \u00e1rea cultural da casa. O m\u00fasico<br \/>\npromete um repert\u00f3rio recheado de cl\u00e1ssicos de forr\u00f3 das antigas. N\u00e3o v\u00e3o<br \/>\nfaltar hits de Mastruz com Leite, Magn\u00edficos e Lim\u00e3o com Mel. O couvert<br \/>\nart\u00edstico ser\u00e1 de R$ 20. A transmiss\u00e3o do jogo ser\u00e1 com qualidade HD para<br \/>\nningu\u00e9m perder nenhum detalhe das quartas de final.<\/div>\n<div class=\"MsoNormal\" style=\"background: white; mso-line-height-alt: 12.65pt; text-align: justify;\">\n<\/div>\n<div class=\"MsoNormal\" style=\"background: white; mso-line-height-alt: 12.65pt; text-align: justify;\">\nJ\u00e1 no s\u00e1bado (7), Gabriel Diniz promete lotar o espa\u00e7o. Divulgando o seu<br \/>\nmais recente DVD gravado em Noronha, GD \u00e9 queridinho pelo p\u00fablico forrozeiro,<br \/>\npor onde passa leva uma legi\u00e3o de f\u00e3s. No setlist ele j\u00e1 incluiu os hits<br \/>\n&#8216;Acabou Acabou&#8217;, que ele canta com Safad\u00e3o, &#8216;Pouca Roupa&#8217;, &#8216;A Casa Chora&#8217;,<br \/>\nparceria com Maiara e Mara\u00edsa e &#8216;Cara de Preocupa\u00e7\u00e3o&#8217;. Ser\u00e3o quase duas horas<br \/>\nde show com muitos sucessos e o estilo pr\u00f3prio do cantor paraibano.<\/div>\n<div class=\"MsoNormal\" style=\"background: white; mso-line-height-alt: 12.65pt; text-align: justify;\">\n<\/div>\n<div class=\"MsoNormal\" style=\"background: white; mso-line-height-alt: 12.65pt; text-align: justify;\">\nA anima\u00e7\u00e3o ficar\u00e1 completa com Lucas Medeiros. Prata da casa, ele segura<br \/>\no p\u00fablico com uma mistura do forr\u00f3 estilizado e o sertanejo. Traz uma sele\u00e7\u00e3o<br \/>\ncom nomes que o p\u00fablico adora, de Safad\u00e3o a Luan Santanna.<\/div>\n<div class=\"MsoNormal\" style=\"background: white; mso-line-height-alt: 12.65pt; text-align: justify;\">\n<\/div>\n<div class=\"MsoNormal\" style=\"background: white; mso-line-height-alt: 12.65pt; text-align: justify;\">\nA Mans\u00e3o Forr\u00f3 leva a assinatura da TFM Promo\u00e7\u00f5es, leia-se, Tonynho<br \/>\nRodrigues, Fred Gomes e Magno Cumaru em parceria com a TV Asa Branca. Em sua<br \/>\nterceira edi\u00e7\u00e3o, durante todo o m\u00eas de junho, o espa\u00e7o se tornou o point de<br \/>\nquem passou pelo S\u00e3o Jo\u00e3o de Caruaru, entre as atra\u00e7\u00f5es que pisaram no palco,<br \/>\nSamyra Show, Jonas Esticado, Petr\u00facio Amorim e Gustavo Mioto.<\/div>\n<div class=\"MsoNormal\" style=\"text-align: justify;\">\n<\/div>\n<p><\/p>\n","protected":false},"excerpt":{"rendered":"<p>Pensa que o S\u00e3o Jo\u00e3o acabou em Caruaru? Na Mans\u00e3o Forr\u00f3 a festa continua durante o m\u00eas de julho. E&hellip;<\/p>\n","protected":false},"author":1,"featured_media":0,"comment_status":"open","ping_status":"open","sticky":false,"template":"","format":"standard","meta":{"footnotes":""},"categories":[1],"tags":[2,1874,6],"class_list":["post-1843","post","type-post","status-publish","format-standard","hentry","category-sem-categoria","tag-blog-do-edvaldo-magalhaes","tag-mansao-forro-continua-com-copa-do-mundo-e-gabriel-diniz","tag-noticias"],"_links":{"self":[{"href":"https:\/\/blogdoedvaldomagalhaes.com.br\/index.php\/wp-json\/wp\/v2\/posts\/1843","targetHints":{"allow":["GET"]}}],"collection":[{"href":"https:\/\/blogdoedvaldomagalhaes.com.br\/index.php\/wp-json\/wp\/v2\/posts"}],"about":[{"href":"https:\/\/blogdoedvaldomagalhaes.com.br\/index.php\/wp-json\/wp\/v2\/types\/post"}],"author":[{"embeddable":true,"href":"https:\/\/blogdoedvaldomagalhaes.com.br\/index.php\/wp-json\/wp\/v2\/users\/1"}],"replies":[{"embeddable":true,"href":"https:\/\/blogdoedvaldomagalhaes.com.br\/index.php\/wp-json\/wp\/v2\/comments?post=1843"}],"version-history":[{"count":1,"href":"https:\/\/blogdoedvaldomagalhaes.com.br\/index.php\/wp-json\/wp\/v2\/posts\/1843\/revisions"}],"predecessor-version":[{"id":32504,"href":"https:\/\/blogdoedvaldomagalhaes.com.br\/index.php\/wp-json\/wp\/v2\/posts\/1843\/revisions\/32504"}],"wp:attachment":[{"href":"https:\/\/blogdoedvaldomagalhaes.com.br\/index.php\/wp-json\/wp\/v2\/media?parent=1843"}],"wp:term":[{"taxonomy":"category","embeddable":true,"href":"https:\/\/blogdoedvaldomagalhaes.com.br\/index.php\/wp-json\/wp\/v2\/categories?post=1843"},{"taxonomy":"post_tag","embeddable":true,"href":"https:\/\/blogdoedvaldomagalhaes.com.br\/index.php\/wp-json\/wp\/v2\/tags?post=1843"}],"curies":[{"name":"wp","href":"https:\/\/api.w.org\/{rel}","templated":true}]}}