{"id":1842,"date":"2018-07-05T15:56:00","date_gmt":"2018-07-05T18:56:00","guid":{"rendered":"http:\/\/blogdoedvaldomagalhaes.com.br\/index.php\/2018\/07\/05\/bancos-e-comercio-de-caruaru-altera\/"},"modified":"2019-02-09T02:23:23","modified_gmt":"2019-02-09T04:23:23","slug":"bancos-e-comercio-de-caruaru-altera","status":"publish","type":"post","link":"https:\/\/blogdoedvaldomagalhaes.com.br\/index.php\/2018\/07\/05\/bancos-e-comercio-de-caruaru-altera\/","title":{"rendered":"Bancos e com\u00e9rcio de Caruaru alteram hor\u00e1rio por causa do jogo do Brasil nesta sexta-feira"},"content":{"rendered":"<div class=\"separator\" style=\"clear: both; text-align: center;\">\n<a href=\"https:\/\/4.bp.blogspot.com\/-REbHW-9oX_w\/Wz4_dke_bZI\/AAAAAAAA1bc\/0KWCHF3aE50ue_5aozr_hXGayN_4bE9CACLcBGAs\/s1600\/comercio.jpg\" imageanchor=\"1\" style=\"margin-left: 1em; margin-right: 1em;\"><img loading=\"lazy\" decoding=\"async\" border=\"0\" data-original-height=\"169\" data-original-width=\"300\" height=\"360\" src=\"http:\/\/blogdoedvaldomagalhaes.com.br\/wp-content\/uploads\/2018\/07\/comercio.jpg\" width=\"640\" \/><\/a><\/div>\n<div class=\"separator\" style=\"clear: both; text-align: center;\">\nFoto: Karlla Oliveira\/R\u00e1dio Liberdade<\/div>\n<div style=\"background-color: white; box-sizing: border-box; line-height: 24px; margin-bottom: 10px; text-align: justify;\">\n<\/div>\n<div style=\"background-color: white; box-sizing: border-box; line-height: 24px; margin-bottom: 10px; text-align: justify;\">\nA sele\u00e7\u00e3o brasileira enfrenta a B\u00e9lgica nesta sexta-feira (06), \u00e0s 15h, pelas quartas de final da Copa do Mundo. Por causa do jogo, diversos estabelecimentos e reparti\u00e7\u00f5es p\u00fablicas ter\u00e3o seu funcionamento afetado.<\/div>\n<div style=\"background-color: white; box-sizing: border-box; line-height: 24px; margin-bottom: 10px; text-align: justify;\">\nEm Caruaru, os bancos v\u00e3o alterar o hor\u00e1rio de atendimento ao p\u00fablico. As ag\u00eancias estar\u00e3o abertas das 9h \u00e0s 13h. O com\u00e9rcio funcionar\u00e1 at\u00e9 14h30, por orienta\u00e7\u00e3o do Sindloja.<\/p>\n<p>Caruaru Shopping &#8211; As lojas fechar\u00e3o 30 minutos antes e reabrir\u00e3o 30 minutos depois do jogo. O Caruaru Shopping ir\u00e1 transmitir a partida nas tr\u00eas pra\u00e7as de alimenta\u00e7\u00e3o.<\/p>\n<p>Shopping Difusora &#8211; As lojas e quiosques fechar\u00e3o \u00e0s 14h45 e voltar\u00e3o a funcionar \u00e0s 17h. Os restaurantes das pra\u00e7as de alimenta\u00e7\u00e3o funcionar\u00e3o normalmente.<\/p>\n<p>Detran &#8211; O funcionamento ser\u00e1 at\u00e9 \u00e0s 13h.<\/p><\/div>\n","protected":false},"excerpt":{"rendered":"<p>Foto: Karlla Oliveira\/R\u00e1dio Liberdade A sele\u00e7\u00e3o brasileira enfrenta a B\u00e9lgica nesta sexta-feira (06), \u00e0s 15h, pelas quartas de final da&hellip;<\/p>\n","protected":false},"author":1,"featured_media":0,"comment_status":"open","ping_status":"open","sticky":false,"template":"","format":"standard","meta":{"footnotes":""},"categories":[1],"tags":[1873,2,6],"class_list":["post-1842","post","type-post","status-publish","format-standard","hentry","category-sem-categoria","tag-bancos-e-comercio-de-caruaru-alteram-horario-por-causa-do-jogo-do-brasil-nesta-sexta-feira","tag-blog-do-edvaldo-magalhaes","tag-noticias"],"_links":{"self":[{"href":"https:\/\/blogdoedvaldomagalhaes.com.br\/index.php\/wp-json\/wp\/v2\/posts\/1842","targetHints":{"allow":["GET"]}}],"collection":[{"href":"https:\/\/blogdoedvaldomagalhaes.com.br\/index.php\/wp-json\/wp\/v2\/posts"}],"about":[{"href":"https:\/\/blogdoedvaldomagalhaes.com.br\/index.php\/wp-json\/wp\/v2\/types\/post"}],"author":[{"embeddable":true,"href":"https:\/\/blogdoedvaldomagalhaes.com.br\/index.php\/wp-json\/wp\/v2\/users\/1"}],"replies":[{"embeddable":true,"href":"https:\/\/blogdoedvaldomagalhaes.com.br\/index.php\/wp-json\/wp\/v2\/comments?post=1842"}],"version-history":[{"count":1,"href":"https:\/\/blogdoedvaldomagalhaes.com.br\/index.php\/wp-json\/wp\/v2\/posts\/1842\/revisions"}],"predecessor-version":[{"id":32506,"href":"https:\/\/blogdoedvaldomagalhaes.com.br\/index.php\/wp-json\/wp\/v2\/posts\/1842\/revisions\/32506"}],"wp:attachment":[{"href":"https:\/\/blogdoedvaldomagalhaes.com.br\/index.php\/wp-json\/wp\/v2\/media?parent=1842"}],"wp:term":[{"taxonomy":"category","embeddable":true,"href":"https:\/\/blogdoedvaldomagalhaes.com.br\/index.php\/wp-json\/wp\/v2\/categories?post=1842"},{"taxonomy":"post_tag","embeddable":true,"href":"https:\/\/blogdoedvaldomagalhaes.com.br\/index.php\/wp-json\/wp\/v2\/tags?post=1842"}],"curies":[{"name":"wp","href":"https:\/\/api.w.org\/{rel}","templated":true}]}}