{"id":1840,"date":"2018-07-05T20:13:00","date_gmt":"2018-07-05T23:13:00","guid":{"rendered":"http:\/\/blogdoedvaldomagalhaes.com.br\/index.php\/2018\/07\/05\/prazo-de-inscricao-do-concurso-da-pm-e\/"},"modified":"2019-02-09T02:23:23","modified_gmt":"2019-02-09T04:23:23","slug":"prazo-de-inscricao-do-concurso-da-pm-e","status":"publish","type":"post","link":"https:\/\/blogdoedvaldomagalhaes.com.br\/index.php\/2018\/07\/05\/prazo-de-inscricao-do-concurso-da-pm-e\/","title":{"rendered":"Prazo de inscri\u00e7\u00e3o do concurso da PM e Corpo de Bombeiros termina nos pr\u00f3ximos dias"},"content":{"rendered":"<div class=\"separator\" style=\"clear: both; text-align: center;\">\n<a href=\"https:\/\/1.bp.blogspot.com\/-p9qPXgPjvDk\/Wz57RocRtVI\/AAAAAAAA1cY\/P7q_R80o8DINzausbb_fO7uktb9kDmzHACLcBGAs\/s1600\/prazo.jpeg\" imageanchor=\"1\" style=\"margin-left: 1em; margin-right: 1em;\"><img loading=\"lazy\" decoding=\"async\" border=\"0\" data-original-height=\"292\" data-original-width=\"504\" height=\"370\" src=\"http:\/\/blogdoedvaldomagalhaes.com.br\/wp-content\/uploads\/2018\/07\/prazo.jpeg\" width=\"640\" \/><\/a><\/div>\n<p><\/p>\n<div style=\"background-color: white; box-sizing: border-box; line-height: 26px; margin-bottom: 26px; text-align: justify; word-wrap: break-word;\">\nTermina neste domingo (08\/07) o prazo de inscri\u00e7\u00e3o para o cargo de oficial da Pol\u00edcia Militar de Pernambuco (PMPE) e do Corpo de Bombeiros Militar de Pernambuco (CBMPE). O pagamento da taxa do concurso, que garante a participa\u00e7\u00e3o nas provas, deve ser efetuado at\u00e9 a ter\u00e7a-feira (10\/07).<\/div>\n<div style=\"background-color: white; box-sizing: border-box; line-height: 26px; margin-bottom: 26px; text-align: justify; word-wrap: break-word;\">\n\u201cAlertamos os candidatos para que fiquem atentos aos hor\u00e1rios de funcionamento das ag\u00eancias banc\u00e1rias, considerando que, se a sele\u00e7\u00e3o brasileira disputar a semifinal na pr\u00f3xima ter\u00e7a-feira (10\/07), o expediente banc\u00e1rio ser\u00e1 alterado. Ent\u00e3o, para ter mais tranquilidade, os interessados devem concluir essas etapas com anteced\u00eancia em rela\u00e7\u00e3o aos prazos estabelecidos pelo edital\u201d, orienta Cl\u00e1udio Borba, gerente-geral de Articula\u00e7\u00e3o e Integra\u00e7\u00e3o Institucional e Comunit\u00e1ria da Secretaria de Defesa Social de Pernambuco (SDS).<\/div>\n<div class=\"td-g-rec td-g-rec-id-content_inlineleft \" style=\"background-color: white; box-sizing: border-box; float: left;\">\n<\/div>\n<div style=\"background-color: white; box-sizing: border-box; line-height: 26px; margin-bottom: 26px; text-align: justify; word-wrap: break-word;\">\nS\u00e3o oferecidas 60 vagas para oficial da PMPE e outras 20 para oficial do Corpo de Bombeiros Militar de Pernambuco. \u00c9 necess\u00e1rio curso superior em direito, no caso da PMPE, ou curso superior em qualquer \u00e1rea de forma\u00e7\u00e3o, para o CBMPE, entre outros requisitos previstos no edital. O valor da inscri\u00e7\u00e3o, para candidatos a oficial de ambas as corpora\u00e7\u00f5es, \u00e9 de R$ 150. A remunera\u00e7\u00e3o inicial para o cargo \u00e9 de R$ 9.007,56.<\/div>\n<div style=\"background-color: white; box-sizing: border-box; line-height: 26px; margin-bottom: 26px; text-align: justify; word-wrap: break-word;\">\n<strong style=\"box-sizing: border-box;\">SOLDADOS<\/strong>&nbsp;\u2013 Os interessados em concorrer \u00e0s 500 vagas de soldado da PMPE podem se inscrever at\u00e9 o dia 16 de julho, com prazo de pagamento do boleto at\u00e9 18 de julho. O valor da inscri\u00e7\u00e3o \u00e9 de R$ 135. A remunera\u00e7\u00e3o inicial oferecida aos soldados \u00e9 de R$ 2.819,88. Entre os requisitos para se inscrever, est\u00e3o a idade m\u00ednima de 18 anos, a escolaridade m\u00ednima de ensino m\u00e9dio completo e a carteira nacional de habilita\u00e7\u00e3o de, pelo menos, categoria B.<\/div>\n<div style=\"background-color: white; box-sizing: border-box; line-height: 26px; margin-bottom: 26px; text-align: justify; word-wrap: break-word;\">\n<b>INSCRI\u00c7\u00d5ES <\/b>\u2013 As inscri\u00e7\u00f5es para os certames, tanto o de oficiais como o de pra\u00e7as, s\u00e3o realizadas pelo site do Instituto de Apoio \u00e0 Funda\u00e7\u00e3o Universidade de Pernambuco (IAUPE), organizador dos concursos, em www.upenet.com.br. Ap\u00f3s a confirma\u00e7\u00e3o, ser\u00e1 gerado um boleto, que deve ser pago em casas lot\u00e9ricas ou qualquer institui\u00e7\u00e3o banc\u00e1ria. Todas as demais informa\u00e7\u00f5es e regras dos dois concursos p\u00fablicos est\u00e3o nos editais, tamb\u00e9m dispon\u00edveis no site.<\/div>\n<div style=\"background-color: white; box-sizing: border-box; line-height: 26px; margin-bottom: 26px; text-align: justify; word-wrap: break-word;\">\n<strong style=\"box-sizing: border-box;\">REFOR\u00c7O DE EFETIVO&nbsp;<\/strong>\u2013 Somente nos \u00faltimos dois anos, o Governo Paulo C\u00e2mara nomeou cerca de 4.400 profissionais aprovados em concurso p\u00fablico para as operativas da Secretaria de Defesa Social (SDS), entre membros do CBMPE e das Pol\u00edcias Militar, Civil e Cient\u00edfica. Esse novo efetivo possibilitou a amplia\u00e7\u00e3o e descentraliza\u00e7\u00e3o de unidades da seguran\u00e7a na Regi\u00e3o Metropolitana, Zona da Mata, Agreste e Sert\u00e3o do Estado.<\/div>\n","protected":false},"excerpt":{"rendered":"<p>Termina neste domingo (08\/07) o prazo de inscri\u00e7\u00e3o para o cargo de oficial da Pol\u00edcia Militar de Pernambuco (PMPE) e&hellip;<\/p>\n","protected":false},"author":1,"featured_media":0,"comment_status":"open","ping_status":"open","sticky":false,"template":"","format":"standard","meta":{"footnotes":""},"categories":[1],"tags":[2,13,1871],"class_list":["post-1840","post","type-post","status-publish","format-standard","hentry","category-sem-categoria","tag-blog-do-edvaldo-magalhaes","tag-policial","tag-prazo-de-inscricao-do-concurso-da-pm-e-corpo-de-bombeiros-termina-nos-proximos-dias"],"_links":{"self":[{"href":"https:\/\/blogdoedvaldomagalhaes.com.br\/index.php\/wp-json\/wp\/v2\/posts\/1840","targetHints":{"allow":["GET"]}}],"collection":[{"href":"https:\/\/blogdoedvaldomagalhaes.com.br\/index.php\/wp-json\/wp\/v2\/posts"}],"about":[{"href":"https:\/\/blogdoedvaldomagalhaes.com.br\/index.php\/wp-json\/wp\/v2\/types\/post"}],"author":[{"embeddable":true,"href":"https:\/\/blogdoedvaldomagalhaes.com.br\/index.php\/wp-json\/wp\/v2\/users\/1"}],"replies":[{"embeddable":true,"href":"https:\/\/blogdoedvaldomagalhaes.com.br\/index.php\/wp-json\/wp\/v2\/comments?post=1840"}],"version-history":[{"count":1,"href":"https:\/\/blogdoedvaldomagalhaes.com.br\/index.php\/wp-json\/wp\/v2\/posts\/1840\/revisions"}],"predecessor-version":[{"id":32510,"href":"https:\/\/blogdoedvaldomagalhaes.com.br\/index.php\/wp-json\/wp\/v2\/posts\/1840\/revisions\/32510"}],"wp:attachment":[{"href":"https:\/\/blogdoedvaldomagalhaes.com.br\/index.php\/wp-json\/wp\/v2\/media?parent=1840"}],"wp:term":[{"taxonomy":"category","embeddable":true,"href":"https:\/\/blogdoedvaldomagalhaes.com.br\/index.php\/wp-json\/wp\/v2\/categories?post=1840"},{"taxonomy":"post_tag","embeddable":true,"href":"https:\/\/blogdoedvaldomagalhaes.com.br\/index.php\/wp-json\/wp\/v2\/tags?post=1840"}],"curies":[{"name":"wp","href":"https:\/\/api.w.org\/{rel}","templated":true}]}}