{"id":1839,"date":"2018-07-05T20:19:00","date_gmt":"2018-07-05T23:19:00","guid":{"rendered":"http:\/\/blogdoedvaldomagalhaes.com.br\/index.php\/2018\/07\/05\/crianca-morre-afogada-em-cisterna-no\/"},"modified":"2019-02-09T02:23:24","modified_gmt":"2019-02-09T04:23:24","slug":"crianca-morre-afogada-em-cisterna-no","status":"publish","type":"post","link":"https:\/\/blogdoedvaldomagalhaes.com.br\/index.php\/2018\/07\/05\/crianca-morre-afogada-em-cisterna-no\/","title":{"rendered":"Crian\u00e7a morre afogada em cisterna no munic\u00edpio de Santa Cruz do Capibaribe"},"content":{"rendered":"<div class=\"separator\" style=\"clear: both; text-align: center;\">\n<a href=\"https:\/\/3.bp.blogspot.com\/-6-XkB_8PAzU\/Wz59WlnDV8I\/AAAAAAAA1ck\/bdcNVemGF48WIfqWSmGNBoDqn4OQmshiQCLcBGAs\/s1600\/cisterna.jpg\" imageanchor=\"1\" style=\"margin-left: 1em; margin-right: 1em;\"><img loading=\"lazy\" decoding=\"async\" border=\"0\" data-original-height=\"402\" data-original-width=\"620\" height=\"410\" src=\"http:\/\/blogdoedvaldomagalhaes.com.br\/wp-content\/uploads\/2018\/07\/cisterna.jpg\" width=\"640\" \/><\/a><\/div>\n<div class=\"separator\" style=\"clear: both; text-align: center;\">\nFoto ilustrativa<\/div>\n<div style=\"text-align: justify;\">\n<\/div>\n<div style=\"text-align: justify;\">\nNesta quinta-feira (05) uma verdadeira trag\u00e9dia aconteceu no munic\u00edpio de Santa Cruz do Capibaribe, no Agreste Setentrional de Pernambuco. Na ocasi\u00e3o, uma crian\u00e7a de apenas 5 anos identificada como Ikilly Ravily Lima Silva faleceu ap\u00f3s se afogar em uma cisterna dom\u00e9stica.<\/div>\n<div style=\"text-align: justify;\">\n<\/div>\n<div style=\"text-align: justify;\">\nSegundo informa\u00e7\u00f5es colhidas pela nossa reportagem, o menor estava em um im\u00f3vel situado na rua Wandebiltes Dias Bezerra, no bairro S\u00e3o Miguel, quando teria ca\u00eddo no reservat\u00f3rio de \u00e1gua. Populares encaminharam a crian\u00e7a para a Unidade de Pronto Atendimento (UPA) local, por\u00e9m ela j\u00e1 chegou ao local sem vida.<\/p>\n<\/div>\n<div style=\"text-align: justify;\">\n<div class=\"separator\" style=\"clear: both; text-align: center;\">\n<a href=\"https:\/\/4.bp.blogspot.com\/-9MEh9rYUPsc\/Wz6BC_l0DUI\/AAAAAAAA1cw\/jyiiy0v_f7QW0FJHpRlP3vdXNC35RJqPwCLcBGAs\/s1600\/crian%25C3%25A7a.jpg\" imageanchor=\"1\" style=\"margin-left: 1em; margin-right: 1em;\"><img loading=\"lazy\" decoding=\"async\" border=\"0\" data-original-height=\"960\" data-original-width=\"866\" height=\"640\" src=\"http:\/\/blogdoedvaldomagalhaes.com.br\/wp-content\/uploads\/2018\/07\/crianC3A7a.jpg\" width=\"572\" \/><\/a><\/div>\n<p><\/div>\n<div style=\"text-align: justify;\">\nA equipe m\u00e9dica informou que ainda \u00e9 cedo para detalhar como o caso aconteceu, por\u00e9m parentes devem ser ouvidos e o corpo tamb\u00e9m passar\u00e1 por per\u00edcia. Familiares se desesperaram ap\u00f3s o ocorrido e encontram-se inconformados com o falecimento do garoto. O corpo dever\u00e1 ser encaminhado ao Instituto de Medicina Legal (IML), em Caruaru.<\/div>\n<div style=\"text-align: justify;\">\n<\/div>\n<div style=\"text-align: justify;\">\nFonte: Blog do Bruno Muniz<\/div>\n<div style=\"text-align: justify;\">\n<\/div>\n","protected":false},"excerpt":{"rendered":"<p>Foto ilustrativa Nesta quinta-feira (05) uma verdadeira trag\u00e9dia aconteceu no munic\u00edpio de Santa Cruz do Capibaribe, no Agreste Setentrional de&hellip;<\/p>\n","protected":false},"author":1,"featured_media":0,"comment_status":"open","ping_status":"open","sticky":false,"template":"","format":"standard","meta":{"footnotes":""},"categories":[1],"tags":[2,1870,6],"class_list":["post-1839","post","type-post","status-publish","format-standard","hentry","category-sem-categoria","tag-blog-do-edvaldo-magalhaes","tag-crianca-morre-afogada-em-cisterna-no-municipio-de-santa-cruz-do-capibaribe","tag-noticias"],"_links":{"self":[{"href":"https:\/\/blogdoedvaldomagalhaes.com.br\/index.php\/wp-json\/wp\/v2\/posts\/1839","targetHints":{"allow":["GET"]}}],"collection":[{"href":"https:\/\/blogdoedvaldomagalhaes.com.br\/index.php\/wp-json\/wp\/v2\/posts"}],"about":[{"href":"https:\/\/blogdoedvaldomagalhaes.com.br\/index.php\/wp-json\/wp\/v2\/types\/post"}],"author":[{"embeddable":true,"href":"https:\/\/blogdoedvaldomagalhaes.com.br\/index.php\/wp-json\/wp\/v2\/users\/1"}],"replies":[{"embeddable":true,"href":"https:\/\/blogdoedvaldomagalhaes.com.br\/index.php\/wp-json\/wp\/v2\/comments?post=1839"}],"version-history":[{"count":1,"href":"https:\/\/blogdoedvaldomagalhaes.com.br\/index.php\/wp-json\/wp\/v2\/posts\/1839\/revisions"}],"predecessor-version":[{"id":32513,"href":"https:\/\/blogdoedvaldomagalhaes.com.br\/index.php\/wp-json\/wp\/v2\/posts\/1839\/revisions\/32513"}],"wp:attachment":[{"href":"https:\/\/blogdoedvaldomagalhaes.com.br\/index.php\/wp-json\/wp\/v2\/media?parent=1839"}],"wp:term":[{"taxonomy":"category","embeddable":true,"href":"https:\/\/blogdoedvaldomagalhaes.com.br\/index.php\/wp-json\/wp\/v2\/categories?post=1839"},{"taxonomy":"post_tag","embeddable":true,"href":"https:\/\/blogdoedvaldomagalhaes.com.br\/index.php\/wp-json\/wp\/v2\/tags?post=1839"}],"curies":[{"name":"wp","href":"https:\/\/api.w.org\/{rel}","templated":true}]}}