{"id":1834,"date":"2018-07-06T00:46:00","date_gmt":"2018-07-06T03:46:00","guid":{"rendered":"http:\/\/blogdoedvaldomagalhaes.com.br\/index.php\/2018\/07\/06\/advogado-e-detido-em-caruaru-por\/"},"modified":"2019-02-09T02:23:27","modified_gmt":"2019-02-09T04:23:27","slug":"advogado-e-detido-em-caruaru-por","status":"publish","type":"post","link":"https:\/\/blogdoedvaldomagalhaes.com.br\/index.php\/2018\/07\/06\/advogado-e-detido-em-caruaru-por\/","title":{"rendered":"Advogado \u00e9 detido em Caruaru por suposto \u201cdesacato\u201d"},"content":{"rendered":"<div class=\"separator\" style=\"clear: both; text-align: center;\">\n<a href=\"https:\/\/4.bp.blogspot.com\/-tq27ePMvf6M\/Wz67VdKHWSI\/AAAAAAAA1gA\/HU0QnkHqxt4TZo5UuAzkQ6DX2Cjaf3x_gCLcBGAs\/s1600\/dp.jpg\" imageanchor=\"1\" style=\"margin-left: 1em; margin-right: 1em;\"><img loading=\"lazy\" decoding=\"async\" border=\"0\" data-original-height=\"576\" data-original-width=\"1024\" height=\"354\" src=\"http:\/\/blogdoedvaldomagalhaes.com.br\/wp-content\/uploads\/2018\/07\/dp.jpg\" width=\"640\" \/><\/a><\/div>\n<p><\/p>\n<div style=\"background-color: white; box-sizing: border-box; line-height: 24px; margin-bottom: 10px; text-align: justify;\">\nO advogado S\u00e1vio Delano foi detido em Caruaru, no in\u00edcio da noite desta quinta-feira (05), por suposto \u201cdesacato\u201d \u00e0 autoridade policial. De acordo com informa\u00e7\u00f5es, ele recolhia assinaturas de vigilantes para uma assembleia da categoria, na Rua Benjamim Larena, bairro Divin\u00f3polis, quando o local foi tumultuado.<\/div>\n<div style=\"background-color: white; box-sizing: border-box; line-height: 24px; margin-bottom: 10px; text-align: justify;\">\nPoliciais do BIEsp foram chamados para desobstruir o local, e segundo informa\u00e7\u00f5es, o advogado teria se alterado, sendo levado para a 1\u00aa Delegacia, onde prestou depoimento. V\u00e1rios advogados compareceram na DP.&nbsp;<\/p>\n<p>A reportagem da R\u00e1dio Liberdade tentou ouvir as partes envolvidas, por\u00e9m, ningu\u00e9m quis se pronunciar, no entanto, dois advogados falaram sobre o fato. O advogado Eduardo Moraes defende os policiais, enquanto o advogado Jo\u00e3o Am\u00e9rico defende o colega S\u00e1vio Delano. Ou\u00e7a abaixo:&nbsp;<\/p>\n<\/div>\n<p><iframe loading=\"lazy\" allow=\"autoplay\" frameborder=\"no\" height=\"166\" scrolling=\"no\" src=\"https:\/\/w.soundcloud.com\/player\/?url=https%3A\/\/api.soundcloud.com\/tracks\/467880051&amp;color=%23ff5500&amp;auto_play=true&amp;hide_related=false&amp;show_comments=true&amp;show_user=true&amp;show_reposts=false&amp;show_teaser=true\" width=\"100%\"><\/iframe><\/p>\n","protected":false},"excerpt":{"rendered":"<p>O advogado S\u00e1vio Delano foi detido em Caruaru, no in\u00edcio da noite desta quinta-feira (05), por suposto \u201cdesacato\u201d \u00e0 autoridade&hellip;<\/p>\n","protected":false},"author":1,"featured_media":0,"comment_status":"open","ping_status":"open","sticky":false,"template":"","format":"standard","meta":{"footnotes":""},"categories":[1],"tags":[1862,2,13],"class_list":["post-1834","post","type-post","status-publish","format-standard","hentry","category-sem-categoria","tag-advogado-e-detido-em-caruaru-por-suposto-desacato","tag-blog-do-edvaldo-magalhaes","tag-policial"],"_links":{"self":[{"href":"https:\/\/blogdoedvaldomagalhaes.com.br\/index.php\/wp-json\/wp\/v2\/posts\/1834","targetHints":{"allow":["GET"]}}],"collection":[{"href":"https:\/\/blogdoedvaldomagalhaes.com.br\/index.php\/wp-json\/wp\/v2\/posts"}],"about":[{"href":"https:\/\/blogdoedvaldomagalhaes.com.br\/index.php\/wp-json\/wp\/v2\/types\/post"}],"author":[{"embeddable":true,"href":"https:\/\/blogdoedvaldomagalhaes.com.br\/index.php\/wp-json\/wp\/v2\/users\/1"}],"replies":[{"embeddable":true,"href":"https:\/\/blogdoedvaldomagalhaes.com.br\/index.php\/wp-json\/wp\/v2\/comments?post=1834"}],"version-history":[{"count":1,"href":"https:\/\/blogdoedvaldomagalhaes.com.br\/index.php\/wp-json\/wp\/v2\/posts\/1834\/revisions"}],"predecessor-version":[{"id":32526,"href":"https:\/\/blogdoedvaldomagalhaes.com.br\/index.php\/wp-json\/wp\/v2\/posts\/1834\/revisions\/32526"}],"wp:attachment":[{"href":"https:\/\/blogdoedvaldomagalhaes.com.br\/index.php\/wp-json\/wp\/v2\/media?parent=1834"}],"wp:term":[{"taxonomy":"category","embeddable":true,"href":"https:\/\/blogdoedvaldomagalhaes.com.br\/index.php\/wp-json\/wp\/v2\/categories?post=1834"},{"taxonomy":"post_tag","embeddable":true,"href":"https:\/\/blogdoedvaldomagalhaes.com.br\/index.php\/wp-json\/wp\/v2\/tags?post=1834"}],"curies":[{"name":"wp","href":"https:\/\/api.w.org\/{rel}","templated":true}]}}