{"id":1833,"date":"2018-07-06T09:58:00","date_gmt":"2018-07-06T12:58:00","guid":{"rendered":"http:\/\/blogdoedvaldomagalhaes.com.br\/index.php\/2018\/07\/06\/general-do-exercito-visita-presidente\/"},"modified":"2019-02-09T02:23:28","modified_gmt":"2019-02-09T04:23:28","slug":"general-do-exercito-visita-presidente","status":"publish","type":"post","link":"https:\/\/blogdoedvaldomagalhaes.com.br\/index.php\/2018\/07\/06\/general-do-exercito-visita-presidente\/","title":{"rendered":"General do Ex\u00e9rcito visita presidente da C\u00e2mara de Caruaru e agradece apoio ao Tiro de Guerra"},"content":{"rendered":"<div class=\"separator\" style=\"clear: both; text-align: center;\">\n<a href=\"https:\/\/3.bp.blogspot.com\/-vP4mDK--CYY\/Wz88PpruVCI\/AAAAAAAA1gk\/Bon-momVeAwIOqti_G2YLDpmTWuEr8XpACLcBGAs\/s1600\/3.jpg\" imageanchor=\"1\" style=\"margin-left: 1em; margin-right: 1em;\"><img loading=\"lazy\" decoding=\"async\" border=\"0\" data-original-height=\"720\" data-original-width=\"960\" height=\"480\" src=\"http:\/\/blogdoedvaldomagalhaes.com.br\/wp-content\/uploads\/2018\/07\/3-1.jpg\" width=\"640\" \/><\/a><\/div>\n<div class=\"separator\" style=\"clear: both; text-align: center;\">\nFotos: Vladimir Barreto Rodrigues<\/div>\n<div style=\"text-align: justify;\">\n<\/div>\n<div style=\"text-align: justify;\">\nDurante a manh\u00e3 desta quinta-feira (05), o Presidente da C\u00e2mara de Vereadores de Caruaru, Lula T\u00f4rres (PSDB), recebeu a visita do General do Ex\u00e9rcito, Lu\u00eds Ant\u00f4nio Duizit Brito, Comandante da 7\u00aa Regi\u00e3o Militar de Pernambuco \u201cRegi\u00e3o Matias de Albuquerque\u201d. O objetivo do encontro foi estreitar os la\u00e7os do Ex\u00e9rcito com o legislativo caruaruense.<\/div>\n<div style=\"text-align: justify;\">\n<\/div>\n<div style=\"text-align: justify;\">\nTamb\u00e9m estiveram presentes durante a visita, o Tenente Coronel Fran\u00e7a J\u00fanior, Chefe da Se\u00e7\u00e3o do Tiro de Guerra de Caruaru, o Subtenente Ten\u00f3rio, Chefe do Tiro de Guerra, al\u00e9m dos vereadores Bruno Lambreta (PDT) e Presb\u00edtero Andrey (PRP).<\/div>\n<div style=\"text-align: justify;\">\n<\/div>\n<div class=\"separator\" style=\"clear: both; text-align: center;\">\n<a href=\"https:\/\/3.bp.blogspot.com\/-Scf4uwkboD8\/Wz88YZ9veJI\/AAAAAAAA1go\/rcv-PsNJnT4MJZFiLZHpjuxo9iXmZq8PgCLcBGAs\/s1600\/1.jpg\" imageanchor=\"1\" style=\"margin-left: 1em; margin-right: 1em;\"><img loading=\"lazy\" decoding=\"async\" border=\"0\" data-original-height=\"720\" data-original-width=\"960\" height=\"480\" src=\"http:\/\/blogdoedvaldomagalhaes.com.br\/wp-content\/uploads\/2018\/07\/1-3.jpg\" width=\"640\" \/><\/a><\/div>\n<div style=\"text-align: justify;\">\n<\/div>\n<div style=\"text-align: justify;\">\nDurante sua vida militar, como Oficial Superior, o General Duizit Brito foi Chefe da Se\u00e7\u00e3o de Log\u00edstica do Comando de Avia\u00e7\u00e3o do Ex\u00e9rcito; Assessor Especial do Gabinete do Comandante do Ex\u00e9rcito; e Assessor para Desminagem Humanit\u00e1ria \u2013 Junta Interamericana de Defesa \/OEA\u2013 Washington-DC.<\/div>\n<div style=\"text-align: justify;\">\n<\/div>\n<div style=\"text-align: justify;\">\n\u201cO objetivo da nossa visita \u00e0 C\u00e2mara de Vereadores foi tamb\u00e9m para agradecer a popula\u00e7\u00e3o de Caruaru o apoio ao Tiro de Guerra, que \u00e9 a tropa que o Ex\u00e9rcito tem aqui em apoio a comunidade caruaruense. \u00c9 a representa\u00e7\u00e3o do bra\u00e7o forte e da m\u00e3o amiga, que \u00e9 a grande miss\u00e3o do Ex\u00e9rcito brasileiro\u201d destaca o General.<\/div>\n<div style=\"text-align: justify;\">\n<\/div>\n<div class=\"separator\" style=\"clear: both; text-align: center;\">\n<a href=\"https:\/\/4.bp.blogspot.com\/-TeL2t2KIuqE\/Wz88cHVIaGI\/AAAAAAAA1gs\/z0s-fHeN3Y4U3uyLnD_tK5YDk3_kwBjvACLcBGAs\/s1600\/2.jpg\" imageanchor=\"1\" style=\"margin-left: 1em; margin-right: 1em;\"><img loading=\"lazy\" decoding=\"async\" border=\"0\" data-original-height=\"960\" data-original-width=\"720\" height=\"640\" src=\"http:\/\/blogdoedvaldomagalhaes.com.br\/wp-content\/uploads\/2018\/07\/2-1.jpg\" width=\"480\" \/><\/a><\/div>\n<div style=\"text-align: justify;\">\n<\/div>\n<div style=\"text-align: justify;\">\nPara o Presidente da C\u00e2mara, vereador Lula T\u00f4rres, a Casa do Povo se sente honrada com a visita do General Duizit Brito. \u201cHoje estreitamos os la\u00e7os do legislativo e do executivo \u2013 na pessoa da Prefeita Raquel Lyra, com o Ex\u00e9rcito. Al\u00e9m de felizes, nos sentimos honrados com a visita do General, pois sabemos que ele representa uma entidade s\u00e9ria, que tem dado a sua contribui\u00e7\u00e3o para a melhoria da sociedade e do povo brasileiro.\u201d<\/div>\n","protected":false},"excerpt":{"rendered":"<p>Fotos: Vladimir Barreto Rodrigues Durante a manh\u00e3 desta quinta-feira (05), o Presidente da C\u00e2mara de Vereadores de Caruaru, Lula T\u00f4rres&hellip;<\/p>\n","protected":false},"author":1,"featured_media":0,"comment_status":"open","ping_status":"open","sticky":false,"template":"","format":"standard","meta":{"footnotes":""},"categories":[1],"tags":[2,1861,20],"class_list":["post-1833","post","type-post","status-publish","format-standard","hentry","category-sem-categoria","tag-blog-do-edvaldo-magalhaes","tag-general-do-exercito-visita-presidente-da-camara-de-caruaru-e-agradece-apoio-ao-tiro-de-guerra","tag-politica"],"_links":{"self":[{"href":"https:\/\/blogdoedvaldomagalhaes.com.br\/index.php\/wp-json\/wp\/v2\/posts\/1833","targetHints":{"allow":["GET"]}}],"collection":[{"href":"https:\/\/blogdoedvaldomagalhaes.com.br\/index.php\/wp-json\/wp\/v2\/posts"}],"about":[{"href":"https:\/\/blogdoedvaldomagalhaes.com.br\/index.php\/wp-json\/wp\/v2\/types\/post"}],"author":[{"embeddable":true,"href":"https:\/\/blogdoedvaldomagalhaes.com.br\/index.php\/wp-json\/wp\/v2\/users\/1"}],"replies":[{"embeddable":true,"href":"https:\/\/blogdoedvaldomagalhaes.com.br\/index.php\/wp-json\/wp\/v2\/comments?post=1833"}],"version-history":[{"count":1,"href":"https:\/\/blogdoedvaldomagalhaes.com.br\/index.php\/wp-json\/wp\/v2\/posts\/1833\/revisions"}],"predecessor-version":[{"id":32530,"href":"https:\/\/blogdoedvaldomagalhaes.com.br\/index.php\/wp-json\/wp\/v2\/posts\/1833\/revisions\/32530"}],"wp:attachment":[{"href":"https:\/\/blogdoedvaldomagalhaes.com.br\/index.php\/wp-json\/wp\/v2\/media?parent=1833"}],"wp:term":[{"taxonomy":"category","embeddable":true,"href":"https:\/\/blogdoedvaldomagalhaes.com.br\/index.php\/wp-json\/wp\/v2\/categories?post=1833"},{"taxonomy":"post_tag","embeddable":true,"href":"https:\/\/blogdoedvaldomagalhaes.com.br\/index.php\/wp-json\/wp\/v2\/tags?post=1833"}],"curies":[{"name":"wp","href":"https:\/\/api.w.org\/{rel}","templated":true}]}}