{"id":1832,"date":"2018-07-06T10:07:00","date_gmt":"2018-07-06T13:07:00","guid":{"rendered":"http:\/\/blogdoedvaldomagalhaes.com.br\/index.php\/2018\/07\/06\/cavalgada-de-santana-em-nova-jerusalem_6\/"},"modified":"2019-02-09T02:23:28","modified_gmt":"2019-02-09T04:23:28","slug":"cavalgada-de-santana-em-nova-jerusalem_6","status":"publish","type":"post","link":"https:\/\/blogdoedvaldomagalhaes.com.br\/index.php\/2018\/07\/06\/cavalgada-de-santana-em-nova-jerusalem_6\/","title":{"rendered":"Cavalgada de Santana em Nova Jerusal\u00e9m-PE com v\u00e1rias atra\u00e7\u00f5es neste s\u00e1bado (7)"},"content":{"rendered":"<div class=\"separator\" style=\"clear: both; text-align: center;\">\n<a href=\"https:\/\/2.bp.blogspot.com\/-iLYd3bUb_ds\/Wz8-dznA34I\/AAAAAAAA1g8\/9Vxq2JRkvn4A6OStvNQ0e1EyzwCeJRK0ACLcBGAs\/s1600\/cavalgfada.jpeg\" imageanchor=\"1\" style=\"margin-left: 1em; margin-right: 1em;\"><img loading=\"lazy\" decoding=\"async\" border=\"0\" data-original-height=\"640\" data-original-width=\"482\" height=\"640\" src=\"http:\/\/blogdoedvaldomagalhaes.com.br\/wp-content\/uploads\/2018\/07\/cavalgfada.jpeg\" width=\"482\" \/><\/a><\/div>\n<div style=\"text-align: justify;\">\n<\/div>\n<div style=\"text-align: justify;\">\nSer\u00e1 realizada no pr\u00f3ximo s\u00e1bado a Cavalgada de Santana da Pousada da Paix\u00e3o em Fazenda Nova, distrito do Brejo da Madre de Deus. Em sua 17\u00aa edi\u00e7\u00e3o, o evento reunir\u00e1 vaqueiros e cavaleiros de toda regi\u00e3o para celebrar a tradi\u00e7\u00e3o das tropas e boiadas.<\/div>\n<div style=\"text-align: justify;\">\n<\/div>\n<div style=\"text-align: justify;\">\nEntre as atra\u00e7\u00f5es do evento est\u00e3o os shows de Novinho da Para\u00edba, Rubieno Catanha, Daniel Gonzag\u00e3o, Jo\u00e3ozinho Aboiador e Banda Forroz\u00e3o MW. A cavalgada \u00e9 promovida pela Pousada da Paix\u00e3o, que funciona dentro da cidade-teatro de Nova Jerusal\u00e9m onde todos os anos \u00e9 encenado o espet\u00e1culo da Paix\u00e3o de Cristo.<\/div>\n<div style=\"text-align: justify;\">\n<\/div>\n<div style=\"text-align: justify;\">\nQuem n\u00e3o possui cavalo, participa do evento alugando um com os organizadores, ou seguindo o trajeto em carro pr\u00f3prio ou ainda em Toyotas alugadas. A concentra\u00e7\u00e3o \u00e9 a partir das 11 horas da manh\u00e3 nos jardins da Pousada da Paix\u00e3o.<\/div>\n<div style=\"text-align: justify;\">\n<\/div>\n<div style=\"text-align: justify;\">\nQuem desejar participar pode adquirir o kit no valor R$ 200,00, mais dois quilos de alimentos. O kit, que inclui camisa e caneca, al\u00e9m de dar direito a participa\u00e7\u00e3o em churrasco na Fazenda Mandacaru, no almo\u00e7o servido na Pousada da Paix\u00e3o, bebidas e participa\u00e7\u00e3o nos shows.<\/div>\n<div style=\"text-align: justify;\">\n<\/div>\n<div style=\"text-align: justify;\">\nA Pousada da Paix\u00e3o disp\u00f5e tamb\u00e9m de pacote especial para hospedagem no fim de semana do evento, de 6 a 8 de julho. Mais informa\u00e7\u00f5es e reservas est\u00e3o dispon\u00edveis atrav\u00e9s da recep\u00e7\u00e3o da Pousada da Paix\u00e3o pelo telefone: (81) 3732.1602 ou pelo e-mail: @pousadadapaixao.com.br.<\/p>\n<p>Veja o v\u00eddeo abaixo de Jo\u00e3ozinho Aboiardor&nbsp;<\/p>\n<\/div>\n<div style=\"text-align: justify;\">\n<div class=\"separator\" style=\"clear: both; text-align: center;\">\n<\/div>\n<p><\/div>\n","protected":false},"excerpt":{"rendered":"<p>Ser\u00e1 realizada no pr\u00f3ximo s\u00e1bado a Cavalgada de Santana da Pousada da Paix\u00e3o em Fazenda Nova, distrito do Brejo da&hellip;<\/p>\n","protected":false},"author":1,"featured_media":0,"comment_status":"open","ping_status":"open","sticky":false,"template":"","format":"standard","meta":{"footnotes":""},"categories":[1],"tags":[2,1860,6],"class_list":["post-1832","post","type-post","status-publish","format-standard","hentry","category-sem-categoria","tag-blog-do-edvaldo-magalhaes","tag-cavalgada-de-santana-em-nova-jerusalem-pe-com-varias-atracoes-neste-sabado-7","tag-noticias"],"_links":{"self":[{"href":"https:\/\/blogdoedvaldomagalhaes.com.br\/index.php\/wp-json\/wp\/v2\/posts\/1832","targetHints":{"allow":["GET"]}}],"collection":[{"href":"https:\/\/blogdoedvaldomagalhaes.com.br\/index.php\/wp-json\/wp\/v2\/posts"}],"about":[{"href":"https:\/\/blogdoedvaldomagalhaes.com.br\/index.php\/wp-json\/wp\/v2\/types\/post"}],"author":[{"embeddable":true,"href":"https:\/\/blogdoedvaldomagalhaes.com.br\/index.php\/wp-json\/wp\/v2\/users\/1"}],"replies":[{"embeddable":true,"href":"https:\/\/blogdoedvaldomagalhaes.com.br\/index.php\/wp-json\/wp\/v2\/comments?post=1832"}],"version-history":[{"count":1,"href":"https:\/\/blogdoedvaldomagalhaes.com.br\/index.php\/wp-json\/wp\/v2\/posts\/1832\/revisions"}],"predecessor-version":[{"id":32532,"href":"https:\/\/blogdoedvaldomagalhaes.com.br\/index.php\/wp-json\/wp\/v2\/posts\/1832\/revisions\/32532"}],"wp:attachment":[{"href":"https:\/\/blogdoedvaldomagalhaes.com.br\/index.php\/wp-json\/wp\/v2\/media?parent=1832"}],"wp:term":[{"taxonomy":"category","embeddable":true,"href":"https:\/\/blogdoedvaldomagalhaes.com.br\/index.php\/wp-json\/wp\/v2\/categories?post=1832"},{"taxonomy":"post_tag","embeddable":true,"href":"https:\/\/blogdoedvaldomagalhaes.com.br\/index.php\/wp-json\/wp\/v2\/tags?post=1832"}],"curies":[{"name":"wp","href":"https:\/\/api.w.org\/{rel}","templated":true}]}}