{"id":1831,"date":"2018-07-06T13:11:00","date_gmt":"2018-07-06T16:11:00","guid":{"rendered":"http:\/\/blogdoedvaldomagalhaes.com.br\/index.php\/2018\/07\/06\/nota-oficial-da-oab-caruaru\/"},"modified":"2019-02-09T02:23:29","modified_gmt":"2019-02-09T04:23:29","slug":"nota-oficial-da-oab-caruaru","status":"publish","type":"post","link":"https:\/\/blogdoedvaldomagalhaes.com.br\/index.php\/2018\/07\/06\/nota-oficial-da-oab-caruaru\/","title":{"rendered":"Nota Oficial da OAB Caruaru"},"content":{"rendered":"<div class=\"separator\" style=\"clear: both; text-align: center;\">\n<a href=\"https:\/\/1.bp.blogspot.com\/-_f1cnvzpH_M\/Wz9or3RMrgI\/AAAAAAAA1hM\/lzWh-rRL70sAsRmYF7R0RHcgZaqLyZwjQCLcBGAs\/s1600\/IMG-20180706-WA0022.jpg\" imageanchor=\"1\" style=\"margin-left: 1em; margin-right: 1em;\"><img loading=\"lazy\" decoding=\"async\" border=\"0\" data-original-height=\"455\" data-original-width=\"755\" height=\"384\" src=\"http:\/\/blogdoedvaldomagalhaes.com.br\/wp-content\/uploads\/2018\/07\/IMG-20180706-WA0022.jpg\" width=\"640\" \/><\/a><\/div>\n<p><\/p>\n<div style=\"text-align: justify;\">\nNota oficial da OAB Caruaru<\/div>\n<div style=\"text-align: justify;\">\n<\/div>\n<div style=\"text-align: justify;\">\nA Ordem dos Advogados do Brasil, Subse\u00e7\u00e3o de Caruaru, vem a p\u00fablico manifestar indigna\u00e7\u00e3o sobre a pris\u00e3o arbitr\u00e1ria e ilegal do advogado S\u00e1vio Delano Vasconcelos Pereira, durante o exerc\u00edcio profissional da advocacia, na tarde desta quinta-feira (5) na cidade de Caruaru\/PE.<\/div>\n<div style=\"text-align: justify;\">\n<\/div>\n<div style=\"text-align: justify;\">\nO advogado vitimado estava no exerc\u00edcio da advocacia acompanhando processo eleitoral do sindicato dos vigilantes, quando foi surpreendido por a\u00e7\u00e3o isolada de Policial Militar do Estado de Pernambuco, que proferiu voz de pris\u00e3o ao advogado alegando um suposto desacato. Na ocasi\u00e3o, o advogado foi encaminhado \u00e0 delegacia no compartimento engradado da viatura, sem a presen\u00e7a de um representante da OAB, em uma pris\u00e3o arbitr\u00e1ria, mesmo ap\u00f3s ter se identificado como advogado, violando as prerrogativas contidas nos artigos 7\u00ba, inciso IV e no par\u00e1grafo 3\u00ba do Estatuto da Advocacia e da OAB (Lei 8.906\/94).<\/div>\n<div style=\"text-align: justify;\">\n<\/div>\n<div style=\"text-align: justify;\">\nO presidente da OAB Caruaru Felipe Sampaio, que n\u00e3o se encontra na cidade, est\u00e1 acompanhando, \u00e0 dist\u00e2ncia, todas as a\u00e7\u00f5es realizadas pela OAB Caruaru, que foram conduzidas pelo vice-presidente Fernando Jr( no exerc\u00edcio da presid\u00eancia) com o apoio da secret\u00e3ria-geral Newdylande Oliveira e dos conselheiros Elmo Monteiro, Rita de C\u00e1ssia, Cl\u00e1udio Cumaru e Jo\u00e3o Am\u00e9rico, al\u00e9m de todos os demais Conselheiros e Presidentes de comiss\u00f5es que se dirigiram \u00e0 delegacia para prestar toda a assist\u00eancia ao advogado diante da viola\u00e7\u00e3o das prerrogativas, acompanhando todo o procedimento.<\/div>\n<div style=\"text-align: justify;\">\n<\/div>\n<div style=\"text-align: justify;\">\nA OAB Caruaru, em conjunto com a OAB-PE e o Conselho Federal, tomar\u00e1 todas as medidas judiciais e administrativas contra os respons\u00e1veis, na forma e rigor da lei.<\/div>\n<div style=\"text-align: justify;\">\n<\/div>\n<div style=\"text-align: justify;\">\nDiretoria e Conselho Subseccional da OAB CARUARU.<\/div>\n","protected":false},"excerpt":{"rendered":"<p>Nota oficial da OAB Caruaru A Ordem dos Advogados do Brasil, Subse\u00e7\u00e3o de Caruaru, vem a p\u00fablico manifestar indigna\u00e7\u00e3o sobre&hellip;<\/p>\n","protected":false},"author":1,"featured_media":0,"comment_status":"open","ping_status":"open","sticky":false,"template":"","format":"standard","meta":{"footnotes":""},"categories":[1],"tags":[2,1859,6],"class_list":["post-1831","post","type-post","status-publish","format-standard","hentry","category-sem-categoria","tag-blog-do-edvaldo-magalhaes","tag-nota-oficial-da-oab-caruaru","tag-noticias"],"_links":{"self":[{"href":"https:\/\/blogdoedvaldomagalhaes.com.br\/index.php\/wp-json\/wp\/v2\/posts\/1831","targetHints":{"allow":["GET"]}}],"collection":[{"href":"https:\/\/blogdoedvaldomagalhaes.com.br\/index.php\/wp-json\/wp\/v2\/posts"}],"about":[{"href":"https:\/\/blogdoedvaldomagalhaes.com.br\/index.php\/wp-json\/wp\/v2\/types\/post"}],"author":[{"embeddable":true,"href":"https:\/\/blogdoedvaldomagalhaes.com.br\/index.php\/wp-json\/wp\/v2\/users\/1"}],"replies":[{"embeddable":true,"href":"https:\/\/blogdoedvaldomagalhaes.com.br\/index.php\/wp-json\/wp\/v2\/comments?post=1831"}],"version-history":[{"count":1,"href":"https:\/\/blogdoedvaldomagalhaes.com.br\/index.php\/wp-json\/wp\/v2\/posts\/1831\/revisions"}],"predecessor-version":[{"id":32534,"href":"https:\/\/blogdoedvaldomagalhaes.com.br\/index.php\/wp-json\/wp\/v2\/posts\/1831\/revisions\/32534"}],"wp:attachment":[{"href":"https:\/\/blogdoedvaldomagalhaes.com.br\/index.php\/wp-json\/wp\/v2\/media?parent=1831"}],"wp:term":[{"taxonomy":"category","embeddable":true,"href":"https:\/\/blogdoedvaldomagalhaes.com.br\/index.php\/wp-json\/wp\/v2\/categories?post=1831"},{"taxonomy":"post_tag","embeddable":true,"href":"https:\/\/blogdoedvaldomagalhaes.com.br\/index.php\/wp-json\/wp\/v2\/tags?post=1831"}],"curies":[{"name":"wp","href":"https:\/\/api.w.org\/{rel}","templated":true}]}}