{"id":1830,"date":"2018-07-06T13:26:00","date_gmt":"2018-07-06T16:26:00","guid":{"rendered":"http:\/\/blogdoedvaldomagalhaes.com.br\/index.php\/2018\/07\/06\/nota-oficial-da-policia-militar-de\/"},"modified":"2019-02-09T02:23:29","modified_gmt":"2019-02-09T04:23:29","slug":"nota-oficial-da-policia-militar-de","status":"publish","type":"post","link":"https:\/\/blogdoedvaldomagalhaes.com.br\/index.php\/2018\/07\/06\/nota-oficial-da-policia-militar-de\/","title":{"rendered":"Nota Oficial da Pol\u00edcia Militar de Pernambuco"},"content":{"rendered":"<div class=\"separator\" style=\"clear: both; text-align: center;\">\n<a href=\"https:\/\/3.bp.blogspot.com\/-zAiws0w6oCQ\/Wz9s5Kn7III\/AAAAAAAA1hY\/1gjzNqkEniwDZz_xfFC6tHku6bIHTFyKQCLcBGAs\/s1600\/IMG-20180706-WA0026.jpg\" imageanchor=\"1\" style=\"margin-left: 1em; margin-right: 1em;\"><img loading=\"lazy\" decoding=\"async\" border=\"0\" data-original-height=\"446\" data-original-width=\"329\" height=\"640\" src=\"http:\/\/blogdoedvaldomagalhaes.com.br\/wp-content\/uploads\/2018\/07\/IMG-20180706-WA0026.jpg\" width=\"472\" \/><\/a><\/div>\n<div class=\"separator\" style=\"clear: both; text-align: center;\">\n<\/div>\n<div class=\"separator\" style=\"clear: both; text-align: left;\">\nNota Oficial da Pol\u00edcia Militar de Pernambuco<\/div>\n<p><\/p>\n<div style=\"text-align: justify;\">\nA Pol\u00edcia Militar informa que foi acionada atrav\u00e9s de den\u00fancias de que estava havendo confronto no que seria uma assembleia para o Sindicato dos Vigilantes da cidade. Ao chegar no local, encontrou um clima hostil, com as partes envolvidas trocando chutes e socos. Ap\u00f3s negocia\u00e7\u00e3o envolvendo ambas as partes, ficou decidido o encerramento do processo e que fosse marcada uma nova data para a discuss\u00e3o de assuntos relativos \u00e0 categoria.<\/div>\n<div style=\"text-align: justify;\">\n<\/div>\n<div style=\"text-align: justify;\">\nFeito isso, um dos grupos se retirou, ficando o outro no local, que decidiu reabrir o processo. Mais uma vez o policiamento precisou intervir, para evitar que a briga generalizada recome\u00e7asse.<\/div>\n<div style=\"text-align: justify;\">\n<\/div>\n<div style=\"text-align: justify;\">\nNeste momento, um advogado recolocou as mesas no meio da rua em frente ao policiamento, e afirmou que abriria a discuss\u00e3o \u201cde qualquer jeito\u201d, ao mesmo tempo em que destratou o efetivo. Ap\u00f3s muitas tentativas de uma solu\u00e7\u00e3o negociada, na busca de convencer o profissional dos riscos de retomar qualquer tipo de discuss\u00e3o naquele momento, e diante de sua resist\u00eancia de maneira agressiva, ele foi conduzido para uma delegacia, onde foi lavrado um TCO por desacato.<\/div>\n<div style=\"text-align: justify;\">\n<\/div>\n<div style=\"text-align: justify;\">\n*De qualquer forma, o comando do BIEsp, no qual os policiais est\u00e3o lotados, ir\u00e1 abrir um processo interno para apurar a conduta de maneira a garantir que a veracidade dos fatos prevale\u00e7a em sua plenitude.<\/div>\n","protected":false},"excerpt":{"rendered":"<p>Nota Oficial da Pol\u00edcia Militar de Pernambuco A Pol\u00edcia Militar informa que foi acionada atrav\u00e9s de den\u00fancias de que estava&hellip;<\/p>\n","protected":false},"author":1,"featured_media":0,"comment_status":"open","ping_status":"open","sticky":false,"template":"","format":"standard","meta":{"footnotes":""},"categories":[1],"tags":[2,1858,6],"class_list":["post-1830","post","type-post","status-publish","format-standard","hentry","category-sem-categoria","tag-blog-do-edvaldo-magalhaes","tag-nota-oficial-da-policia-militar-de-pernambuco","tag-noticias"],"_links":{"self":[{"href":"https:\/\/blogdoedvaldomagalhaes.com.br\/index.php\/wp-json\/wp\/v2\/posts\/1830","targetHints":{"allow":["GET"]}}],"collection":[{"href":"https:\/\/blogdoedvaldomagalhaes.com.br\/index.php\/wp-json\/wp\/v2\/posts"}],"about":[{"href":"https:\/\/blogdoedvaldomagalhaes.com.br\/index.php\/wp-json\/wp\/v2\/types\/post"}],"author":[{"embeddable":true,"href":"https:\/\/blogdoedvaldomagalhaes.com.br\/index.php\/wp-json\/wp\/v2\/users\/1"}],"replies":[{"embeddable":true,"href":"https:\/\/blogdoedvaldomagalhaes.com.br\/index.php\/wp-json\/wp\/v2\/comments?post=1830"}],"version-history":[{"count":1,"href":"https:\/\/blogdoedvaldomagalhaes.com.br\/index.php\/wp-json\/wp\/v2\/posts\/1830\/revisions"}],"predecessor-version":[{"id":32536,"href":"https:\/\/blogdoedvaldomagalhaes.com.br\/index.php\/wp-json\/wp\/v2\/posts\/1830\/revisions\/32536"}],"wp:attachment":[{"href":"https:\/\/blogdoedvaldomagalhaes.com.br\/index.php\/wp-json\/wp\/v2\/media?parent=1830"}],"wp:term":[{"taxonomy":"category","embeddable":true,"href":"https:\/\/blogdoedvaldomagalhaes.com.br\/index.php\/wp-json\/wp\/v2\/categories?post=1830"},{"taxonomy":"post_tag","embeddable":true,"href":"https:\/\/blogdoedvaldomagalhaes.com.br\/index.php\/wp-json\/wp\/v2\/tags?post=1830"}],"curies":[{"name":"wp","href":"https:\/\/api.w.org\/{rel}","templated":true}]}}