{"id":1829,"date":"2018-07-06T14:16:00","date_gmt":"2018-07-06T17:16:00","guid":{"rendered":"http:\/\/blogdoedvaldomagalhaes.com.br\/index.php\/2018\/07\/06\/uninassau-caruaru-seleciona-coordenador\/"},"modified":"2019-02-09T02:23:29","modified_gmt":"2019-02-09T04:23:29","slug":"uninassau-caruaru-seleciona-coordenador","status":"publish","type":"post","link":"https:\/\/blogdoedvaldomagalhaes.com.br\/index.php\/2018\/07\/06\/uninassau-caruaru-seleciona-coordenador\/","title":{"rendered":"UNINASSAU Caruaru seleciona coordenador para tr\u00eas cursos"},"content":{"rendered":"<div class=\"separator\" style=\"clear: both; text-align: center;\">\n<a href=\"https:\/\/4.bp.blogspot.com\/-24UPOvRjfxo\/Wz95nXhkKfI\/AAAAAAAA1h4\/EgaiHMBi8qQQmzWeX0BLanNDegq2t5_DQCLcBGAs\/s1600\/fac%2Bu.jpeg\" imageanchor=\"1\" style=\"margin-left: 1em; margin-right: 1em;\"><img loading=\"lazy\" decoding=\"async\" border=\"0\" data-original-height=\"300\" data-original-width=\"600\" height=\"320\" src=\"http:\/\/blogdoedvaldomagalhaes.com.br\/wp-content\/uploads\/2018\/07\/facu.jpeg\" width=\"640\" \/><\/a><\/div>\n<p><\/p>\n<div style=\"text-align: justify;\">\nA Faculdade UNINASSAU Caruaru abre sele\u00e7\u00e3o para contrata\u00e7\u00e3o de coordenadores dos cursos de Odontologia, Pedagogia e Direito. O candidato deve ter t\u00edtulo de Mestre ou Doutor. Para participar da sele\u00e7\u00e3o o candidato deve enviar o Curr\u00edculo Lattes para o e-mail ana.tereza@mauriciodenassau.edu.br, com o assunto SELE\u00c7\u00c3O- COORDENA\u00c7\u00c3O DE (e o nome do curso pretendido), at\u00e9 o pr\u00f3ximo dia 16 de julho.<\/div>\n<div style=\"text-align: justify;\">\n<\/div>\n<div style=\"text-align: justify;\">\nA an\u00e1lise dos dados levar\u00e1 em considera\u00e7\u00e3o a forma\u00e7\u00e3o acad\u00eamica; produ\u00e7\u00e3o cient\u00edfica, tecnol\u00f3gica, art\u00edstica ou cultural; atualiza\u00e7\u00e3o profissional, assim como a experi\u00eancia docente. O Curr\u00edculo Lattes deve ser estar atualizado e comprovado, contendo a rela\u00e7\u00e3o dos t\u00edtulos acad\u00eamicos, rela\u00e7\u00e3o de experi\u00eancia profissional, atividades de magist\u00e9rio superior e realiza\u00e7\u00f5es cient\u00edficas, t\u00e9cnicas, culturais, human\u00edsticas ou art\u00edsticas.<\/div>\n<div style=\"text-align: justify;\">\n<\/div>\n<div style=\"text-align: justify;\">\nA sele\u00e7\u00e3o ser\u00e1 composta de an\u00e1lise curricular e entrevista com a dire\u00e7\u00e3o da unidade. O processo de seletivo ser\u00e1 organizado pela diretoria Acad\u00eamica da institui\u00e7\u00e3o, junto a uma Comiss\u00e3o de Avalia\u00e7\u00e3o Docente, composta de tr\u00eas membros, respons\u00e1veis pelo julgamento e classifica\u00e7\u00e3o dos candidatos.<\/div>\n<div style=\"text-align: justify;\">\n<\/div>\n","protected":false},"excerpt":{"rendered":"<p>A Faculdade UNINASSAU Caruaru abre sele\u00e7\u00e3o para contrata\u00e7\u00e3o de coordenadores dos cursos de Odontologia, Pedagogia e Direito. O candidato deve&hellip;<\/p>\n","protected":false},"author":1,"featured_media":0,"comment_status":"open","ping_status":"open","sticky":false,"template":"","format":"standard","meta":{"footnotes":""},"categories":[1],"tags":[2,6,1857],"class_list":["post-1829","post","type-post","status-publish","format-standard","hentry","category-sem-categoria","tag-blog-do-edvaldo-magalhaes","tag-noticias","tag-uninassau-caruaru-seleciona-coordenador-para-tres-cursos"],"_links":{"self":[{"href":"https:\/\/blogdoedvaldomagalhaes.com.br\/index.php\/wp-json\/wp\/v2\/posts\/1829","targetHints":{"allow":["GET"]}}],"collection":[{"href":"https:\/\/blogdoedvaldomagalhaes.com.br\/index.php\/wp-json\/wp\/v2\/posts"}],"about":[{"href":"https:\/\/blogdoedvaldomagalhaes.com.br\/index.php\/wp-json\/wp\/v2\/types\/post"}],"author":[{"embeddable":true,"href":"https:\/\/blogdoedvaldomagalhaes.com.br\/index.php\/wp-json\/wp\/v2\/users\/1"}],"replies":[{"embeddable":true,"href":"https:\/\/blogdoedvaldomagalhaes.com.br\/index.php\/wp-json\/wp\/v2\/comments?post=1829"}],"version-history":[{"count":1,"href":"https:\/\/blogdoedvaldomagalhaes.com.br\/index.php\/wp-json\/wp\/v2\/posts\/1829\/revisions"}],"predecessor-version":[{"id":32538,"href":"https:\/\/blogdoedvaldomagalhaes.com.br\/index.php\/wp-json\/wp\/v2\/posts\/1829\/revisions\/32538"}],"wp:attachment":[{"href":"https:\/\/blogdoedvaldomagalhaes.com.br\/index.php\/wp-json\/wp\/v2\/media?parent=1829"}],"wp:term":[{"taxonomy":"category","embeddable":true,"href":"https:\/\/blogdoedvaldomagalhaes.com.br\/index.php\/wp-json\/wp\/v2\/categories?post=1829"},{"taxonomy":"post_tag","embeddable":true,"href":"https:\/\/blogdoedvaldomagalhaes.com.br\/index.php\/wp-json\/wp\/v2\/tags?post=1829"}],"curies":[{"name":"wp","href":"https:\/\/api.w.org\/{rel}","templated":true}]}}