{"id":1828,"date":"2018-07-06T14:32:00","date_gmt":"2018-07-06T17:32:00","guid":{"rendered":"http:\/\/blogdoedvaldomagalhaes.com.br\/index.php\/2018\/07\/06\/tony-gel-pode-ser-nome-de-consenso-para\/"},"modified":"2019-02-09T02:23:29","modified_gmt":"2019-02-09T04:23:29","slug":"tony-gel-pode-ser-nome-de-consenso-para","status":"publish","type":"post","link":"https:\/\/blogdoedvaldomagalhaes.com.br\/index.php\/2018\/07\/06\/tony-gel-pode-ser-nome-de-consenso-para\/","title":{"rendered":"Tony Gel pode ser nome de consenso para presidir Assembleia"},"content":{"rendered":"<div class=\"separator\" style=\"clear: both; text-align: center;\">\n<a href=\"https:\/\/4.bp.blogspot.com\/-wp1gWpdZlfs\/Wz99XgsnPaI\/AAAAAAAA1iI\/UGH1kh1MKigckwcUrewLkbg_jOppU3RxwCLcBGAs\/s1600\/tony.jpg\" imageanchor=\"1\" style=\"margin-left: 1em; margin-right: 1em;\"><img loading=\"lazy\" decoding=\"async\" border=\"0\" data-original-height=\"287\" data-original-width=\"512\" height=\"352\" src=\"http:\/\/blogdoedvaldomagalhaes.com.br\/wp-content\/uploads\/2018\/07\/tony.jpg\" width=\"640\" \/><\/a><\/div>\n<p><\/p>\n<div style=\"background-color: white; border: 0px; margin-bottom: 1.5em; outline: 0px; padding: 0px; text-align: justify; vertical-align: baseline;\">\nCom a morte de Guilherme Uchoa os deputados discutem nos bastidores um nome para presidir a Assembleia num mandato que que vai at\u00e9 o fim dessa Legislatura. Diante do quadro eleitoral um nome de consenso que circule entre oposi\u00e7\u00e3o e situa\u00e7\u00e3o pode pesar na hora da vota\u00e7\u00e3o.<\/div>\n<div style=\"background-color: white; border: 0px; margin-bottom: 1.5em; outline: 0px; padding: 0px; text-align: justify; vertical-align: baseline;\">\nO caruaruense Tony Gel pode ser o escolhido pelo perfil do pol\u00edtico. Tony tinha uma excelente rela\u00e7\u00e3o com o ex-presidente Guilherme Uchoa, goza de prest\u00edgio com o governador Paulo C\u00e2mara e tem livre tr\u00e2nsito entre os deputados da oposi\u00e7\u00e3o.<\/div>\n<div style=\"background-color: white; border: 0px; margin-bottom: 1.5em; outline: 0px; padding: 0px; text-align: justify; vertical-align: baseline;\">\nO pol\u00edtico ainda conseguiu estreitar a rela\u00e7\u00e3o com outros poderes como o Judici\u00e1rio, OAB e Minist\u00e9rio P\u00fablico.<\/div>\n<div style=\"background-color: white; border: 0px; margin-bottom: 1.5em; outline: 0px; padding: 0px; text-align: justify; vertical-align: baseline;\">\nDo Blog do M\u00e1rio Fl\u00e1vio.<\/div>\n","protected":false},"excerpt":{"rendered":"<p>Com a morte de Guilherme Uchoa os deputados discutem nos bastidores um nome para presidir a Assembleia num mandato que&hellip;<\/p>\n","protected":false},"author":1,"featured_media":0,"comment_status":"open","ping_status":"open","sticky":false,"template":"","format":"standard","meta":{"footnotes":""},"categories":[1],"tags":[2,20,1856],"class_list":["post-1828","post","type-post","status-publish","format-standard","hentry","category-sem-categoria","tag-blog-do-edvaldo-magalhaes","tag-politica","tag-tony-gel-pode-ser-nome-de-consenso-para-presidir-assembleia"],"_links":{"self":[{"href":"https:\/\/blogdoedvaldomagalhaes.com.br\/index.php\/wp-json\/wp\/v2\/posts\/1828","targetHints":{"allow":["GET"]}}],"collection":[{"href":"https:\/\/blogdoedvaldomagalhaes.com.br\/index.php\/wp-json\/wp\/v2\/posts"}],"about":[{"href":"https:\/\/blogdoedvaldomagalhaes.com.br\/index.php\/wp-json\/wp\/v2\/types\/post"}],"author":[{"embeddable":true,"href":"https:\/\/blogdoedvaldomagalhaes.com.br\/index.php\/wp-json\/wp\/v2\/users\/1"}],"replies":[{"embeddable":true,"href":"https:\/\/blogdoedvaldomagalhaes.com.br\/index.php\/wp-json\/wp\/v2\/comments?post=1828"}],"version-history":[{"count":1,"href":"https:\/\/blogdoedvaldomagalhaes.com.br\/index.php\/wp-json\/wp\/v2\/posts\/1828\/revisions"}],"predecessor-version":[{"id":32540,"href":"https:\/\/blogdoedvaldomagalhaes.com.br\/index.php\/wp-json\/wp\/v2\/posts\/1828\/revisions\/32540"}],"wp:attachment":[{"href":"https:\/\/blogdoedvaldomagalhaes.com.br\/index.php\/wp-json\/wp\/v2\/media?parent=1828"}],"wp:term":[{"taxonomy":"category","embeddable":true,"href":"https:\/\/blogdoedvaldomagalhaes.com.br\/index.php\/wp-json\/wp\/v2\/categories?post=1828"},{"taxonomy":"post_tag","embeddable":true,"href":"https:\/\/blogdoedvaldomagalhaes.com.br\/index.php\/wp-json\/wp\/v2\/tags?post=1828"}],"curies":[{"name":"wp","href":"https:\/\/api.w.org\/{rel}","templated":true}]}}