{"id":1826,"date":"2018-07-06T21:19:00","date_gmt":"2018-07-07T00:19:00","guid":{"rendered":"http:\/\/blogdoedvaldomagalhaes.com.br\/index.php\/2018\/07\/06\/dia-do-comerciario-sera-comemorado-na\/"},"modified":"2019-02-09T02:23:32","modified_gmt":"2019-02-09T04:23:32","slug":"dia-do-comerciario-sera-comemorado-na","status":"publish","type":"post","link":"https:\/\/blogdoedvaldomagalhaes.com.br\/index.php\/2018\/07\/06\/dia-do-comerciario-sera-comemorado-na\/","title":{"rendered":"Dia do Comerci\u00e1rio ser\u00e1 comemorado na terceira segunda-feira de julho em Caruaru"},"content":{"rendered":"<div class=\"separator\" style=\"clear: both; text-align: center;\">\n<a href=\"https:\/\/2.bp.blogspot.com\/-6X0s6gERAtc\/Wz_crbxInbI\/AAAAAAAA1is\/mSRRe7mv0SIiYSFioR80lbM1ERSKb52ZwCLcBGAs\/s1600\/dia.jpg\" imageanchor=\"1\" style=\"margin-left: 1em; margin-right: 1em;\"><img loading=\"lazy\" decoding=\"async\" border=\"0\" data-original-height=\"345\" data-original-width=\"816\" height=\"270\" src=\"http:\/\/blogdoedvaldomagalhaes.com.br\/wp-content\/uploads\/2018\/07\/dia.jpg\" width=\"640\" \/><\/a><\/div>\n<div style=\"background-color: white; border: 0px; margin-bottom: 1.5em; outline: 0px; padding: 0px; text-align: justify; vertical-align: baseline;\">\n<\/div>\n<div style=\"background-color: white; border: 0px; margin-bottom: 1.5em; outline: 0px; padding: 0px; text-align: justify; vertical-align: baseline;\">\nAssim como ocorreu no ano passado, o Dia do Comerci\u00e1rio em Caruaru ser\u00e1 comemorado na terceira segunda-feira do m\u00eas de julho, que cai no pr\u00f3ximo dia 16, e n\u00e3o no m\u00eas de outubro, como acontece em outras cidades da regi\u00e3o.<\/div>\n<div style=\"background-color: white; border: 0px; margin-bottom: 1.5em; outline: 0px; padding: 0px; text-align: justify; vertical-align: baseline;\">\nA mudan\u00e7a est\u00e1 prevista na cl\u00e1usula 52\u00aa estabelecida na Conven\u00e7\u00e3o Coletiva de Trabalho (CCT) 2017\/2018, celebrada entre o Sindicato dos Lojistas do Com\u00e9rcio de Caruaru (Sindloja) e o Sindicato dos Empregados no Com\u00e9rcio de Caruaru (Sindecc), com media\u00e7\u00e3o do Minist\u00e9rio do Trabalho e Emprego.<\/div>\n<div style=\"background-color: white; border: 0px; margin-bottom: 1.5em; outline: 0px; padding: 0px; text-align: justify; vertical-align: baseline;\">\nPortanto, no dia 16 de julho, o com\u00e9rcio e as lojas situadas nos centros de compras n\u00e3o poder\u00e3o praticar jornada de trabalho. Por\u00e9m, o Dia do Comerci\u00e1rio para o Parque 18 de Maio ser\u00e1 decidido por meio de pesquisa. Como a Feira da Sulanca vai funcionar no dia 16 normalmente, o Sindloja e o Sindecc entraram em acordo para verificar a opini\u00e3o das pessoas sobre a possibilidade de mudan\u00e7a da data do feriado somente para este setor.<\/div>\n<div style=\"background-color: white; border: 0px; margin-bottom: 1.5em; outline: 0px; padding: 0px; text-align: justify; vertical-align: baseline;\">\nJ\u00e1 para os supermercados e similares de Caruaru o Dia do Comerci\u00e1rio ser\u00e1 comemorado na terceira segunda-feira de outubro, que cai no dia 15. Os supermercados e similares de Caruaru n\u00e3o s\u00e3o regidos por esta CCT do com\u00e9rcio e sim pela CCT dos supermercados celebrada entre o Sindloja e o Sindicato Intermunicipal dos Empregados nas Empresas de Supermercados e Similares de Pernambuco (Sessepe).<\/div>\n<div style=\"background-color: white; border: 0px; margin-bottom: 1.5em; outline: 0px; padding: 0px; text-align: justify; vertical-align: baseline;\">\nRefor\u00e7ando que no dia 15 de outubro o com\u00e9rcio tradicional e os centros de compras abrir\u00e3o normalmente em Caruaru, por\u00e9m os supermercados e similares estar\u00e3o fechados.<\/div>\n<div style=\"text-align: justify;\">\n<\/div>\n","protected":false},"excerpt":{"rendered":"<p>Assim como ocorreu no ano passado, o Dia do Comerci\u00e1rio em Caruaru ser\u00e1 comemorado na terceira segunda-feira do m\u00eas de&hellip;<\/p>\n","protected":false},"author":1,"featured_media":0,"comment_status":"open","ping_status":"open","sticky":false,"template":"","format":"standard","meta":{"footnotes":""},"categories":[1],"tags":[2,1854,6],"class_list":["post-1826","post","type-post","status-publish","format-standard","hentry","category-sem-categoria","tag-blog-do-edvaldo-magalhaes","tag-dia-do-comerciario-sera-comemorado-na-terceira-segunda-feira-de-julho-em-caruaru","tag-noticias"],"_links":{"self":[{"href":"https:\/\/blogdoedvaldomagalhaes.com.br\/index.php\/wp-json\/wp\/v2\/posts\/1826","targetHints":{"allow":["GET"]}}],"collection":[{"href":"https:\/\/blogdoedvaldomagalhaes.com.br\/index.php\/wp-json\/wp\/v2\/posts"}],"about":[{"href":"https:\/\/blogdoedvaldomagalhaes.com.br\/index.php\/wp-json\/wp\/v2\/types\/post"}],"author":[{"embeddable":true,"href":"https:\/\/blogdoedvaldomagalhaes.com.br\/index.php\/wp-json\/wp\/v2\/users\/1"}],"replies":[{"embeddable":true,"href":"https:\/\/blogdoedvaldomagalhaes.com.br\/index.php\/wp-json\/wp\/v2\/comments?post=1826"}],"version-history":[{"count":1,"href":"https:\/\/blogdoedvaldomagalhaes.com.br\/index.php\/wp-json\/wp\/v2\/posts\/1826\/revisions"}],"predecessor-version":[{"id":32544,"href":"https:\/\/blogdoedvaldomagalhaes.com.br\/index.php\/wp-json\/wp\/v2\/posts\/1826\/revisions\/32544"}],"wp:attachment":[{"href":"https:\/\/blogdoedvaldomagalhaes.com.br\/index.php\/wp-json\/wp\/v2\/media?parent=1826"}],"wp:term":[{"taxonomy":"category","embeddable":true,"href":"https:\/\/blogdoedvaldomagalhaes.com.br\/index.php\/wp-json\/wp\/v2\/categories?post=1826"},{"taxonomy":"post_tag","embeddable":true,"href":"https:\/\/blogdoedvaldomagalhaes.com.br\/index.php\/wp-json\/wp\/v2\/tags?post=1826"}],"curies":[{"name":"wp","href":"https:\/\/api.w.org\/{rel}","templated":true}]}}