{"id":1825,"date":"2018-07-06T22:24:00","date_gmt":"2018-07-07T01:24:00","guid":{"rendered":"http:\/\/blogdoedvaldomagalhaes.com.br\/index.php\/2018\/07\/06\/agreste-e-zona-da-mata-reduze\/"},"modified":"2019-02-09T02:23:32","modified_gmt":"2019-02-09T04:23:32","slug":"agreste-e-zona-da-mata-reduze","status":"publish","type":"post","link":"https:\/\/blogdoedvaldomagalhaes.com.br\/index.php\/2018\/07\/06\/agreste-e-zona-da-mata-reduze\/","title":{"rendered":"Agreste e Zona da Mata reduzem criminalidade nos festejos juninos"},"content":{"rendered":"<div class=\"separator\" style=\"clear: both; text-align: center;\">\n<a href=\"https:\/\/4.bp.blogspot.com\/-MojLMfA3NWg\/Wz_sCGwh7ZI\/AAAAAAAA1i4\/WufL7aIdPj8ISdumJx5TMF0nyXYAM9DEACLcBGAs\/s1600\/sj.jpg\" imageanchor=\"1\" style=\"margin-left: 1em; margin-right: 1em;\"><img loading=\"lazy\" decoding=\"async\" border=\"0\" data-original-height=\"541\" data-original-width=\"696\" height=\"494\" src=\"http:\/\/blogdoedvaldomagalhaes.com.br\/wp-content\/uploads\/2018\/07\/sj.jpg\" width=\"640\" \/><\/a><\/div>\n<div style=\"text-align: justify;\">\n<\/div>\n<div style=\"text-align: justify;\">\nOs festejos juninos transcorreram com mais seguran\u00e7a no Agreste e Zona da Mata de Pernambuco em 2018. Durante o per\u00edodo de S\u00e3o Jo\u00e3o (22 a 24 de junho) e S\u00e3o Pedro (30 de junho a 1\u00ba de julho), as ocorr\u00eancias de Crimes Violentos Letais Intencionais (CVLIs) diminu\u00edram em 43,3% nessas regi\u00f5es, enquanto as de Crimes Violentos Contra o Patrim\u00f4nio (CVPs) baixaram em 27,7%.<\/div>\n<div style=\"text-align: justify;\">\n<\/div>\n<div style=\"text-align: justify;\">\nNenhum homic\u00eddio ocorreu em locais de eventos em Caruaru, principal polo junino do Agreste, no S\u00e3o Jo\u00e3o 2018. Nos fins de semana de S\u00e3o Jo\u00e3o e S\u00e3o Pedro, registraram-se cinco CVLIs no munic\u00edpio, 37,5% a menos do que no mesmo m\u00eas em 2017. E os roubos tiveram retra\u00e7\u00e3o de 41% no mesmo per\u00edodo, passando de 154 em 2017 para 91 em 2018.<\/div>\n<div style=\"text-align: justify;\">\n<\/div>\n<div style=\"text-align: justify;\">\nSegundo o comandante do 4\u00ba Batalh\u00e3o de Pol\u00edcia Militar, tenente-coronel Geovani Augusto, o refor\u00e7o de 29% no efetivo de policiais militares e o incremento na estrutura das Pol\u00edcias Civil e Cient\u00edfica contribu\u00edram para os resultados. Somente a PMPE aumentou o n\u00famero de policiais em Caruaru de 6.026 para 7.808.<\/div>\n<div style=\"text-align: justify;\">\n<\/div>\n<div style=\"text-align: justify;\">\n\u201cEste ano pudemos contar com a participa\u00e7\u00e3o do 1\u00ba Batalh\u00e3o Integrado Especializado de Policiamento (BIEsp), al\u00e9m de efetivo extra da capital e do Sert\u00e3o. Al\u00e9m disso, a participa\u00e7\u00e3o das demais operativas da Secretaria de Defesa Social foi ampliada. Fizemos, inclusive, uma forte campanha do Alerta Celular, o que estimulou as pessoas a cadastrarem seus aparelhos no sistema\u201d, afirma o comandante do 4\u00ba BPM.<\/div>\n<div style=\"text-align: justify;\">\n<\/div>\n<div style=\"text-align: justify;\">\nDe fato, a Pol\u00edcia Civil de Pernambuco verificou um aumento de 94% no n\u00famero de boletins de ocorr\u00eancia registrados em seu plant\u00e3o do P\u00e1tio do Forr\u00f3. Foram 229 BOs, contra 118 no per\u00edodo junino de 2017. A maioria (57,6%) correspondeu a queixas de furto.<\/div>\n<div style=\"text-align: justify;\">\n<\/div>\n<div style=\"text-align: justify;\">\n\u201cAtribu\u00edmos esse aumento a duas a\u00e7\u00f5es da seguran\u00e7a: a divulga\u00e7\u00e3o do Programa Alerta Celular, que faz com que as pessoas registrem os roubos e furtos de aparelhos telef\u00f4nicos, porque eles sabem que se as pol\u00edcias localizarem, a v\u00edtima ter\u00e1 seu bem restitu\u00eddo. E tamb\u00e9m ao espa\u00e7o exclusivo para o registro do BO, que deixou o atendimento mais confort\u00e1vel e r\u00e1pido para a popula\u00e7\u00e3o\u201d, explica a Delegada Seccional do munic\u00edpio, Polyanne Farias.<\/div>\n<div style=\"text-align: justify;\">\n<\/div>\n<div style=\"text-align: justify;\">\nDurante os festejos do S\u00e3o Jo\u00e3o 2018, o Corpo de Bombeiros Militar de Pernambuco realizou, em todo o Estado, 457 atendimentos pr\u00e9-hospitalares e 547 vistorias e fiscaliza\u00e7\u00f5es t\u00e9cnicas, para garantir a seguran\u00e7a das estruturas dos eventos. Um caso de inc\u00eandio em estabelecimento comercial foi atendido.<\/div>\n<div style=\"text-align: justify;\">\n<\/div>\n<div style=\"text-align: justify;\">\nOUTRAS REGI\u00d5ES \u2013 Os casos de roubo tamb\u00e9m ca\u00edram na Regi\u00e3o Metropolitana e no Sert\u00e3o de Pernambuco durante os fins de semana de S\u00e3o Jo\u00e3o e S\u00e3o Pedro deste ano. No Grande Recife, os CVPs diminu\u00edram em 28%, enquanto os munic\u00edpios sertanejos alcan\u00e7aram uma redu\u00e7\u00e3o de 17,7%.<\/div>\n<div style=\"text-align: justify;\">\n<\/div>\n<div style=\"text-align: justify;\">\nA RMR teve, igualmente, um n\u00famero de homic\u00eddios mais baixo nesses fins de semana de maior movimento no per\u00edodo junino. De 30 casos em 2017, os munic\u00edpios da \u00e1rea metropolitana passaram para 28 (-6,6%). Por sua vez, os do Sert\u00e3o mantiveram o quantitativo do ano passado, com sete casos.<\/div>\n","protected":false},"excerpt":{"rendered":"<p>Os festejos juninos transcorreram com mais seguran\u00e7a no Agreste e Zona da Mata de Pernambuco em 2018. Durante o per\u00edodo&hellip;<\/p>\n","protected":false},"author":1,"featured_media":0,"comment_status":"open","ping_status":"open","sticky":false,"template":"","format":"standard","meta":{"footnotes":""},"categories":[1],"tags":[1853,2,13],"class_list":["post-1825","post","type-post","status-publish","format-standard","hentry","category-sem-categoria","tag-agreste-e-zona-da-mata-reduzem-criminalidade-nos-festejos-juninos","tag-blog-do-edvaldo-magalhaes","tag-policial"],"_links":{"self":[{"href":"https:\/\/blogdoedvaldomagalhaes.com.br\/index.php\/wp-json\/wp\/v2\/posts\/1825","targetHints":{"allow":["GET"]}}],"collection":[{"href":"https:\/\/blogdoedvaldomagalhaes.com.br\/index.php\/wp-json\/wp\/v2\/posts"}],"about":[{"href":"https:\/\/blogdoedvaldomagalhaes.com.br\/index.php\/wp-json\/wp\/v2\/types\/post"}],"author":[{"embeddable":true,"href":"https:\/\/blogdoedvaldomagalhaes.com.br\/index.php\/wp-json\/wp\/v2\/users\/1"}],"replies":[{"embeddable":true,"href":"https:\/\/blogdoedvaldomagalhaes.com.br\/index.php\/wp-json\/wp\/v2\/comments?post=1825"}],"version-history":[{"count":1,"href":"https:\/\/blogdoedvaldomagalhaes.com.br\/index.php\/wp-json\/wp\/v2\/posts\/1825\/revisions"}],"predecessor-version":[{"id":32546,"href":"https:\/\/blogdoedvaldomagalhaes.com.br\/index.php\/wp-json\/wp\/v2\/posts\/1825\/revisions\/32546"}],"wp:attachment":[{"href":"https:\/\/blogdoedvaldomagalhaes.com.br\/index.php\/wp-json\/wp\/v2\/media?parent=1825"}],"wp:term":[{"taxonomy":"category","embeddable":true,"href":"https:\/\/blogdoedvaldomagalhaes.com.br\/index.php\/wp-json\/wp\/v2\/categories?post=1825"},{"taxonomy":"post_tag","embeddable":true,"href":"https:\/\/blogdoedvaldomagalhaes.com.br\/index.php\/wp-json\/wp\/v2\/tags?post=1825"}],"curies":[{"name":"wp","href":"https:\/\/api.w.org\/{rel}","templated":true}]}}