{"id":1824,"date":"2018-07-06T23:32:00","date_gmt":"2018-07-07T02:32:00","guid":{"rendered":"http:\/\/blogdoedvaldomagalhaes.com.br\/index.php\/2018\/07\/06\/tremor-de-terra-em-caruaru-registrado\/"},"modified":"2019-02-09T02:23:32","modified_gmt":"2019-02-09T04:23:32","slug":"tremor-de-terra-em-caruaru-registrado","status":"publish","type":"post","link":"https:\/\/blogdoedvaldomagalhaes.com.br\/index.php\/2018\/07\/06\/tremor-de-terra-em-caruaru-registrado\/","title":{"rendered":"Tremor de terra em Caruaru registrado pelo Laborat\u00f3rio de Sismologia da UFRN"},"content":{"rendered":"<div class=\"separator\" style=\"clear: both; text-align: center;\">\n<a href=\"https:\/\/4.bp.blogspot.com\/-0_m1gYXaCDk\/Wz_7ioEQuCI\/AAAAAAAA1jE\/Dbd7I9gLVw8abSLgbHAIx4Q3Ud4R0g7qwCLcBGAs\/s1600\/ele.jpeg\" imageanchor=\"1\" style=\"margin-left: 1em; margin-right: 1em;\"><img loading=\"lazy\" decoding=\"async\" border=\"0\" data-original-height=\"377\" data-original-width=\"600\" height=\"400\" src=\"http:\/\/blogdoedvaldomagalhaes.com.br\/wp-content\/uploads\/2018\/07\/ele-1.jpeg\" width=\"640\" \/><\/a><\/div>\n<div class=\"separator\" style=\"clear: both; text-align: center;\">\nTremor foi registrado em Caruaru (Foto: LabSis\/Divulga\u00e7\u00e3o)<\/div>\n<div style=\"text-align: center;\">\n<\/div>\n<div style=\"text-align: justify;\">\n<\/div>\n<div style=\"text-align: justify;\">\nUm tremor de terra foi registrado na noite desta sexta-feira (06) em Caruaru. De acordo com o Laborat\u00f3rio de Sismologia (LabSis) da Universidade Federal do Rio Grande do Norte (UFRN), o abalo teve magnitude 2.0 e foi registrado por volta das 19h34 (hor\u00e1rio de Bras\u00edlia).<\/div>\n<div style=\"text-align: justify;\">\n<\/div>\n<div style=\"text-align: justify;\">\nAinda segundo o LabSis, outro tremor inferior a 2.0 de magnitude foi sentido logo em seguida. Os tremores foram considerados de baixa intensidade, mas foram sentidos pela popula\u00e7\u00e3o devido ao epicentro ter sido registrado na zona urbana do munic\u00edpio. V\u00e1rias pessoas comentam nas redes sociais sobre os abalos que sentiram.<\/div>\n<div style=\"text-align: justify;\">\n<\/div>\n<div style=\"text-align: justify;\">\nFonte: G1 Caruaru<\/div>\n","protected":false},"excerpt":{"rendered":"<p>Tremor foi registrado em Caruaru (Foto: LabSis\/Divulga\u00e7\u00e3o) Um tremor de terra foi registrado na noite desta sexta-feira (06) em Caruaru.&hellip;<\/p>\n","protected":false},"author":1,"featured_media":0,"comment_status":"open","ping_status":"open","sticky":false,"template":"","format":"standard","meta":{"footnotes":""},"categories":[1],"tags":[2,6,1852],"class_list":["post-1824","post","type-post","status-publish","format-standard","hentry","category-sem-categoria","tag-blog-do-edvaldo-magalhaes","tag-noticias","tag-tremor-de-terra-em-caruaru-registrado-pelo-laboratorio-de-sismologia-da-ufrn"],"_links":{"self":[{"href":"https:\/\/blogdoedvaldomagalhaes.com.br\/index.php\/wp-json\/wp\/v2\/posts\/1824","targetHints":{"allow":["GET"]}}],"collection":[{"href":"https:\/\/blogdoedvaldomagalhaes.com.br\/index.php\/wp-json\/wp\/v2\/posts"}],"about":[{"href":"https:\/\/blogdoedvaldomagalhaes.com.br\/index.php\/wp-json\/wp\/v2\/types\/post"}],"author":[{"embeddable":true,"href":"https:\/\/blogdoedvaldomagalhaes.com.br\/index.php\/wp-json\/wp\/v2\/users\/1"}],"replies":[{"embeddable":true,"href":"https:\/\/blogdoedvaldomagalhaes.com.br\/index.php\/wp-json\/wp\/v2\/comments?post=1824"}],"version-history":[{"count":1,"href":"https:\/\/blogdoedvaldomagalhaes.com.br\/index.php\/wp-json\/wp\/v2\/posts\/1824\/revisions"}],"predecessor-version":[{"id":32548,"href":"https:\/\/blogdoedvaldomagalhaes.com.br\/index.php\/wp-json\/wp\/v2\/posts\/1824\/revisions\/32548"}],"wp:attachment":[{"href":"https:\/\/blogdoedvaldomagalhaes.com.br\/index.php\/wp-json\/wp\/v2\/media?parent=1824"}],"wp:term":[{"taxonomy":"category","embeddable":true,"href":"https:\/\/blogdoedvaldomagalhaes.com.br\/index.php\/wp-json\/wp\/v2\/categories?post=1824"},{"taxonomy":"post_tag","embeddable":true,"href":"https:\/\/blogdoedvaldomagalhaes.com.br\/index.php\/wp-json\/wp\/v2\/tags?post=1824"}],"curies":[{"name":"wp","href":"https:\/\/api.w.org\/{rel}","templated":true}]}}