{"id":1820,"date":"2018-07-08T13:12:00","date_gmt":"2018-07-08T16:12:00","guid":{"rendered":"http:\/\/blogdoedvaldomagalhaes.com.br\/index.php\/2018\/07\/08\/segundo-aliados-luciana-santos-podera\/"},"modified":"2019-02-09T02:23:33","modified_gmt":"2019-02-09T04:23:33","slug":"segundo-aliados-luciana-santos-podera","status":"publish","type":"post","link":"https:\/\/blogdoedvaldomagalhaes.com.br\/index.php\/2018\/07\/08\/segundo-aliados-luciana-santos-podera\/","title":{"rendered":"Segundo aliados, Luciana Santos poder\u00e1 ser vice na chapa de Paulo C\u00e2mara"},"content":{"rendered":"<div class=\"separator\" style=\"clear: both; text-align: center;\">\n<a href=\"https:\/\/2.bp.blogspot.com\/-3oJkcfsSOZo\/W0IKHPVk-GI\/AAAAAAAA1qA\/FK7uDBkknWMijdMi84PrJQ1uHOY-TAKxQCLcBGAs\/s1600\/luciana.jpg\" imageanchor=\"1\" style=\"margin-left: 1em; margin-right: 1em;\"><img loading=\"lazy\" decoding=\"async\" border=\"0\" data-original-height=\"250\" data-original-width=\"521\" height=\"306\" src=\"http:\/\/blogdoedvaldomagalhaes.com.br\/wp-content\/uploads\/2018\/07\/luciana.jpg\" width=\"640\" \/><\/a><\/div>\n<div style=\"text-align: center;\">\nFoto: Reprodu\u00e7\u00e3o\/Internet<\/p>\n<div style=\"text-align: justify;\">\nA deputada federal por Pernambuco, Luciana Santos (PCdoB\/PE), \u00e9 cogitada para ser candidata ao senado na chapa do atual governador Paulo C\u00e2mara (PSB), e que vai disputar a reelei\u00e7\u00e3o, e um fato novo pode ocorrer, ou seja, a deputada esteve nesse s\u00e1bado (07), em Fazenda Nova, distrito de Brejo da Madre de Deus, e aliados dela, contaram ao Blog que Luciana Santos poder\u00e1 ser anunciada no m\u00eas agosto, como candidata a vice-governadora na chapa de Paulo C\u00e2mara (PSB). Ainda segundo aliados, com isso, o deputado federal Jarbas Vasconcelos (MDB), vai concorrer a uma vaga no senado, e a outra vaga estaria entre Humberto Costa (PT) e Jos\u00e9 Queiroz (PDT).&nbsp;<\/p>\n<p>De acordo com aliados, caso seja selado o acordo entre PT e PSB, Humberto seria candidato ao senado na chapa, mas se n\u00e3o houver acordo entre os dois partidos, o candidato ao senado seria Jos\u00e9 Queiroz (PDT).<\/p>\n<p>Por enquanto, nada est\u00e1 definido. O Partido dos Trabalhadores (PT) deve anunciar ainda neste m\u00eas se apoia a reelei\u00e7\u00e3o de Paulo C\u00e2mara (PSB) ou se lan\u00e7a candidatura pr\u00f3pria ao governo com Mar\u00edlia Arraes.&nbsp;<\/p><\/div>\n<\/div>\n","protected":false},"excerpt":{"rendered":"<p>Foto: Reprodu\u00e7\u00e3o\/Internet A deputada federal por Pernambuco, Luciana Santos (PCdoB\/PE), \u00e9 cogitada para ser candidata ao senado na chapa do&hellip;<\/p>\n","protected":false},"author":1,"featured_media":0,"comment_status":"open","ping_status":"open","sticky":false,"template":"","format":"standard","meta":{"footnotes":""},"categories":[1],"tags":[2,1847,20,1848],"class_list":["post-1820","post","type-post","status-publish","format-standard","hentry","category-sem-categoria","tag-blog-do-edvaldo-magalhaes","tag-luciana-santos-podera-ser-vice-na-chapa-de-paulo-camara","tag-politica","tag-segundo-aliados"],"_links":{"self":[{"href":"https:\/\/blogdoedvaldomagalhaes.com.br\/index.php\/wp-json\/wp\/v2\/posts\/1820","targetHints":{"allow":["GET"]}}],"collection":[{"href":"https:\/\/blogdoedvaldomagalhaes.com.br\/index.php\/wp-json\/wp\/v2\/posts"}],"about":[{"href":"https:\/\/blogdoedvaldomagalhaes.com.br\/index.php\/wp-json\/wp\/v2\/types\/post"}],"author":[{"embeddable":true,"href":"https:\/\/blogdoedvaldomagalhaes.com.br\/index.php\/wp-json\/wp\/v2\/users\/1"}],"replies":[{"embeddable":true,"href":"https:\/\/blogdoedvaldomagalhaes.com.br\/index.php\/wp-json\/wp\/v2\/comments?post=1820"}],"version-history":[{"count":1,"href":"https:\/\/blogdoedvaldomagalhaes.com.br\/index.php\/wp-json\/wp\/v2\/posts\/1820\/revisions"}],"predecessor-version":[{"id":32556,"href":"https:\/\/blogdoedvaldomagalhaes.com.br\/index.php\/wp-json\/wp\/v2\/posts\/1820\/revisions\/32556"}],"wp:attachment":[{"href":"https:\/\/blogdoedvaldomagalhaes.com.br\/index.php\/wp-json\/wp\/v2\/media?parent=1820"}],"wp:term":[{"taxonomy":"category","embeddable":true,"href":"https:\/\/blogdoedvaldomagalhaes.com.br\/index.php\/wp-json\/wp\/v2\/categories?post=1820"},{"taxonomy":"post_tag","embeddable":true,"href":"https:\/\/blogdoedvaldomagalhaes.com.br\/index.php\/wp-json\/wp\/v2\/tags?post=1820"}],"curies":[{"name":"wp","href":"https:\/\/api.w.org\/{rel}","templated":true}]}}