{"id":1818,"date":"2018-07-08T15:41:00","date_gmt":"2018-07-08T18:41:00","guid":{"rendered":"http:\/\/blogdoedvaldomagalhaes.com.br\/index.php\/2018\/07\/08\/desembargador-manda-soltar-lula-da\/"},"modified":"2019-02-09T02:24:10","modified_gmt":"2019-02-09T04:24:10","slug":"desembargador-manda-soltar-lula-da","status":"publish","type":"post","link":"https:\/\/blogdoedvaldomagalhaes.com.br\/index.php\/2018\/07\/08\/desembargador-manda-soltar-lula-da\/","title":{"rendered":"Desembargador manda soltar Lula da pris\u00e3o ainda neste domingo"},"content":{"rendered":"<div class=\"separator\" style=\"clear: both; text-align: center;\">\n<a href=\"https:\/\/4.bp.blogspot.com\/-9um-EykSt5k\/W0IwTbaOj3I\/AAAAAAAA15k\/QTWdg6DWJbw9lLqTJU-EriXsrIw9DQTOACLcBGAs\/s1600\/lula.jpg\" imageanchor=\"1\" style=\"margin-left: 1em; margin-right: 1em;\"><img loading=\"lazy\" decoding=\"async\" border=\"0\" data-original-height=\"365\" data-original-width=\"475\" height=\"490\" src=\"http:\/\/blogdoedvaldomagalhaes.com.br\/wp-content\/uploads\/2018\/07\/lula.jpg\" width=\"640\" \/><\/a><\/div>\n<div class=\"separator\" style=\"clear: both; text-align: center;\">\nFoto: Miguel Schincariol \/ AFP<\/div>\n<div style=\"text-align: center;\">\n<\/div>\n<div style=\"text-align: justify;\">\n<\/div>\n<div style=\"text-align: justify;\">\nO Tribunal Regional Federal da 4\u00aa Regi\u00e3o deferiu uma liminar para que o ex-presidente Lula seja solto ainda na manh\u00e3 deste domingo (8). O desembargador Rog\u00e9rio Favreto acatou habeas corpus apresentado na sexta-feira (6) pelos deputados Wadih Damous, Paulo Pimenta e Paulo Teixeira, do PT, pedindo que ele fosse libertado imediatamente pois n\u00e3o haveria fundamento jur\u00eddico para a pris\u00e3o dele.<\/div>\n<div style=\"text-align: justify;\">\n<\/div>\n<div style=\"text-align: justify;\">\nO plant\u00e3o do TRF-4 confirma a informa\u00e7\u00e3o. Segundo o plantonista Lu\u00eds Felipe Santo, os parlamentares est\u00e3o agora na sede da Pol\u00edcia Federal tentando fazer com que a ordem seja cumprida.<\/p>\n<p>Favreto, \u00fanico desembargador do TRF-4 que votou pela abertura de processo disciplinar contra o juiz Sergio Moro, sob a alega\u00e7\u00e3o de &#8220;\u00edndole pol\u00edtica&#8221;, foi filiado ao PT por quase 20 anos.&nbsp; Cr\u00edtico da Lava Jato, o magistrado ocupou cargos no governo Lula e em outras administra\u00e7\u00f5es petistas antes de ingressar no tribunal.<\/p>\n<p>O mais prov\u00e1vel \u00e9 que o Minist\u00e9rio P\u00fablico Federal recorra da decis\u00e3o de Favreto, pedindo que o tribunal reveja a decis\u00e3o.&nbsp;<\/p>\n<p>Fonte: Folha de Pernambuco<\/p><\/div>\n","protected":false},"excerpt":{"rendered":"<p>Foto: Miguel Schincariol \/ AFP O Tribunal Regional Federal da 4\u00aa Regi\u00e3o deferiu uma liminar para que o ex-presidente Lula&hellip;<\/p>\n","protected":false},"author":1,"featured_media":0,"comment_status":"open","ping_status":"open","sticky":false,"template":"","format":"standard","meta":{"footnotes":""},"categories":[1],"tags":[2,1841,20],"class_list":["post-1818","post","type-post","status-publish","format-standard","hentry","category-sem-categoria","tag-blog-do-edvaldo-magalhaes","tag-desembargador-manda-soltar-lula-da-prisao-ainda-neste-domingo","tag-politica"],"_links":{"self":[{"href":"https:\/\/blogdoedvaldomagalhaes.com.br\/index.php\/wp-json\/wp\/v2\/posts\/1818","targetHints":{"allow":["GET"]}}],"collection":[{"href":"https:\/\/blogdoedvaldomagalhaes.com.br\/index.php\/wp-json\/wp\/v2\/posts"}],"about":[{"href":"https:\/\/blogdoedvaldomagalhaes.com.br\/index.php\/wp-json\/wp\/v2\/types\/post"}],"author":[{"embeddable":true,"href":"https:\/\/blogdoedvaldomagalhaes.com.br\/index.php\/wp-json\/wp\/v2\/users\/1"}],"replies":[{"embeddable":true,"href":"https:\/\/blogdoedvaldomagalhaes.com.br\/index.php\/wp-json\/wp\/v2\/comments?post=1818"}],"version-history":[{"count":1,"href":"https:\/\/blogdoedvaldomagalhaes.com.br\/index.php\/wp-json\/wp\/v2\/posts\/1818\/revisions"}],"predecessor-version":[{"id":32648,"href":"https:\/\/blogdoedvaldomagalhaes.com.br\/index.php\/wp-json\/wp\/v2\/posts\/1818\/revisions\/32648"}],"wp:attachment":[{"href":"https:\/\/blogdoedvaldomagalhaes.com.br\/index.php\/wp-json\/wp\/v2\/media?parent=1818"}],"wp:term":[{"taxonomy":"category","embeddable":true,"href":"https:\/\/blogdoedvaldomagalhaes.com.br\/index.php\/wp-json\/wp\/v2\/categories?post=1818"},{"taxonomy":"post_tag","embeddable":true,"href":"https:\/\/blogdoedvaldomagalhaes.com.br\/index.php\/wp-json\/wp\/v2\/tags?post=1818"}],"curies":[{"name":"wp","href":"https:\/\/api.w.org\/{rel}","templated":true}]}}