{"id":1817,"date":"2018-07-08T16:20:00","date_gmt":"2018-07-08T19:20:00","guid":{"rendered":"http:\/\/blogdoedvaldomagalhaes.com.br\/index.php\/2018\/07\/08\/moro-diz-que-nao-cumprira-decisao-pois\/"},"modified":"2019-02-09T02:24:11","modified_gmt":"2019-02-09T04:24:11","slug":"moro-diz-que-nao-cumprira-decisao-pois","status":"publish","type":"post","link":"https:\/\/blogdoedvaldomagalhaes.com.br\/index.php\/2018\/07\/08\/moro-diz-que-nao-cumprira-decisao-pois\/","title":{"rendered":"Moro diz que n\u00e3o cumprir\u00e1 decis\u00e3o pois desembargador \u00e9 &#8216;incompetente&#8217; para soltar Lula"},"content":{"rendered":"<div class=\"separator\" style=\"clear: both; text-align: center;\">\n<a href=\"https:\/\/3.bp.blogspot.com\/-rG3J2fNViVA\/W0I5DXwUWKI\/AAAAAAAA178\/uS9lxYRBKqAyRt_ePvl0yAz2SGBVyvf2gCLcBGAs\/s1600\/moro.jpg\" imageanchor=\"1\" style=\"margin-left: 1em; margin-right: 1em;\"><img loading=\"lazy\" decoding=\"async\" border=\"0\" data-original-height=\"300\" data-original-width=\"615\" height=\"310\" src=\"http:\/\/blogdoedvaldomagalhaes.com.br\/wp-content\/uploads\/2018\/07\/moro.jpg\" width=\"640\" \/><\/a><\/div>\n<p><\/p>\n<div style=\"text-align: justify;\">\nO juiz Sergio Moro publicou um despacho neste domingo (7) afirmando que o desembargador Rog\u00e9rio Favreto &#8220;com todo o respeito, \u00e9 autoridade absolutamente incompetente para sobrepor-se \u00e0 decis\u00e3o do colegiado da 8\u00aa Turma do Tribunal Regional Federal da 4\u00aa Regi\u00e3o e ainda do plen\u00e1rio do Supremo Tribunal Federal&#8221;, que autorizaram a pris\u00e3o de Lula.<\/div>\n<div style=\"text-align: justify;\">\n<\/div>\n<div style=\"text-align: justify;\">\nEle argumento que n\u00e3o ser\u00e1 poss\u00edvel cumprir a decis\u00e3o sem antes consultar o desembargador Jo\u00e3o Pedro Gebran Neto, relator do caso e, segundo ele, juiz &#8220;natural&#8221; do processo.<\/div>\n<div style=\"text-align: justify;\">\n<\/div>\n<div style=\"text-align: justify;\">\n&#8220;Se o julgador ou a autoridade policial cumprir a decis\u00e3o da autoridade absolutamente incompetente, estar\u00e1, concomitantemente, descumprindo a ordem e pris\u00e3o exarada pelo completente colegiado da 8a Turma do Tribunal Regional Federal da 4a Regi\u00e3o&#8221;.<\/div>\n<div style=\"text-align: justify;\">\n<\/div>\n<div style=\"text-align: justify;\">\nDiante do &#8220;impasse jur\u00eddico&#8221;, diz ele, &#8220;este julgador foi orientado pelo eminente presidente &#8220;do TRF-4 a &#8220;consultar o relator natural da apela\u00e7\u00e3o criminal&#8221;, ou seja, o desembargador Jo\u00e3o Pedro Gebran Neto, &#8220;solicitando como proceder&#8221;.<\/div>\n<div style=\"text-align: justify;\">\n<\/div>\n<div style=\"text-align: justify;\">\nFonte: Folha&nbsp;<\/div>\n<div style=\"text-align: justify;\">\n<\/div>\n","protected":false},"excerpt":{"rendered":"<p>O juiz Sergio Moro publicou um despacho neste domingo (7) afirmando que o desembargador Rog\u00e9rio Favreto &#8220;com todo o respeito,&hellip;<\/p>\n","protected":false},"author":1,"featured_media":0,"comment_status":"open","ping_status":"open","sticky":false,"template":"","format":"standard","meta":{"footnotes":""},"categories":[1],"tags":[2,1840,20],"class_list":["post-1817","post","type-post","status-publish","format-standard","hentry","category-sem-categoria","tag-blog-do-edvaldo-magalhaes","tag-moro-diz-que-nao-cumprira-decisao-pois-desembargador-e-incompetente-para-soltar-lula","tag-politica"],"_links":{"self":[{"href":"https:\/\/blogdoedvaldomagalhaes.com.br\/index.php\/wp-json\/wp\/v2\/posts\/1817","targetHints":{"allow":["GET"]}}],"collection":[{"href":"https:\/\/blogdoedvaldomagalhaes.com.br\/index.php\/wp-json\/wp\/v2\/posts"}],"about":[{"href":"https:\/\/blogdoedvaldomagalhaes.com.br\/index.php\/wp-json\/wp\/v2\/types\/post"}],"author":[{"embeddable":true,"href":"https:\/\/blogdoedvaldomagalhaes.com.br\/index.php\/wp-json\/wp\/v2\/users\/1"}],"replies":[{"embeddable":true,"href":"https:\/\/blogdoedvaldomagalhaes.com.br\/index.php\/wp-json\/wp\/v2\/comments?post=1817"}],"version-history":[{"count":1,"href":"https:\/\/blogdoedvaldomagalhaes.com.br\/index.php\/wp-json\/wp\/v2\/posts\/1817\/revisions"}],"predecessor-version":[{"id":32650,"href":"https:\/\/blogdoedvaldomagalhaes.com.br\/index.php\/wp-json\/wp\/v2\/posts\/1817\/revisions\/32650"}],"wp:attachment":[{"href":"https:\/\/blogdoedvaldomagalhaes.com.br\/index.php\/wp-json\/wp\/v2\/media?parent=1817"}],"wp:term":[{"taxonomy":"category","embeddable":true,"href":"https:\/\/blogdoedvaldomagalhaes.com.br\/index.php\/wp-json\/wp\/v2\/categories?post=1817"},{"taxonomy":"post_tag","embeddable":true,"href":"https:\/\/blogdoedvaldomagalhaes.com.br\/index.php\/wp-json\/wp\/v2\/tags?post=1817"}],"curies":[{"name":"wp","href":"https:\/\/api.w.org\/{rel}","templated":true}]}}