{"id":1816,"date":"2018-07-08T19:37:00","date_gmt":"2018-07-08T22:37:00","guid":{"rendered":"http:\/\/blogdoedvaldomagalhaes.com.br\/index.php\/2018\/07\/08\/casal-acusado-de-estelionato-e-preso-e\/"},"modified":"2019-02-09T02:24:12","modified_gmt":"2019-02-09T04:24:12","slug":"casal-acusado-de-estelionato-e-preso-e","status":"publish","type":"post","link":"https:\/\/blogdoedvaldomagalhaes.com.br\/index.php\/2018\/07\/08\/casal-acusado-de-estelionato-e-preso-e\/","title":{"rendered":"Casal acusado de estelionato \u00e9 preso em hotel no Centro de Caruaru"},"content":{"rendered":"<div class=\"separator\" style=\"clear: both; text-align: center;\">\n<a href=\"https:\/\/2.bp.blogspot.com\/-tiO1CA5nyEY\/W0JluMbq8HI\/AAAAAAAA2CA\/9DABgjeqLR0zfT3l1mNBhKgooB90eYT-QCLcBGAs\/s1600\/este.jpg\" imageanchor=\"1\" style=\"margin-left: 1em; margin-right: 1em;\"><img loading=\"lazy\" decoding=\"async\" border=\"0\" data-original-height=\"245\" data-original-width=\"364\" height=\"430\" src=\"http:\/\/blogdoedvaldomagalhaes.com.br\/wp-content\/uploads\/2018\/07\/este.jpg\" width=\"640\" \/><\/a><\/div>\n<div style=\"background-color: white; box-sizing: border-box; line-height: 26px; margin-bottom: 26px; text-align: justify; word-wrap: break-word;\">\n<\/div>\n<div style=\"background-color: white; box-sizing: border-box; line-height: 26px; margin-bottom: 26px; text-align: justify; word-wrap: break-word;\">\nNa noite desse s\u00e1bado (07), os policiais da equipe&nbsp;<strong style=\"box-sizing: border-box;\">Charles de Malhas da Lei<\/strong>, prenderam o casal&nbsp;<strong style=\"box-sizing: border-box;\">MARCISL\u00c2NDIO MARCELINO SILVA<\/strong>&nbsp;e&nbsp;<strong style=\"box-sizing: border-box;\">MARIA GRACIELE SILVA<\/strong>, os dois foram presos em hotel no Centro de Caruaru, onde usavam o nome de um delegado para fazer d\u00edvidas e Marcisl\u00e2ndio se passava por policial civil.<\/div>\n<div class=\"separator\" style=\"clear: both; text-align: center;\">\n<a href=\"https:\/\/3.bp.blogspot.com\/-tu8V9Pvyynk\/W0Jl9iKTRbI\/AAAAAAAA2CE\/a4AhktRYsy4s7dRinYgooGrhMfhzrfxYQCLcBGAs\/s1600\/eles.jpeg\" imageanchor=\"1\" style=\"margin-left: 1em; margin-right: 1em;\"><img loading=\"lazy\" decoding=\"async\" border=\"0\" data-original-height=\"392\" data-original-width=\"696\" height=\"360\" src=\"http:\/\/blogdoedvaldomagalhaes.com.br\/wp-content\/uploads\/2018\/07\/eles.jpeg\" width=\"640\" \/><\/a><\/div>\n<div style=\"background-color: white; box-sizing: border-box; line-height: 26px; margin-bottom: 26px; text-align: justify; word-wrap: break-word;\">\n<\/div>\n<div style=\"background-color: white; box-sizing: border-box; line-height: 26px; margin-bottom: 26px; text-align: justify; word-wrap: break-word;\">\nOs mesmo j\u00e1 estavam hospedados h\u00e1 60 dias, e que o valor j\u00e1 estava passando dos R$ 9 mil, eles apresentavam falsa conversa com o delegado e que o delegado iria at\u00e9 o hotel pagar a d\u00edvida.<\/div>\n<div class=\"td-g-rec td-g-rec-id-content_inlineleft \" style=\"background-color: white; box-sizing: border-box; float: left;\">\n<\/div>\n<div style=\"background-color: white; box-sizing: border-box; line-height: 26px; margin-bottom: 26px; text-align: justify; word-wrap: break-word;\">\nDe imediato os policias da Malha da Lei, entraram em contato com o delegado que afirmou nunca ter visto o casal. Diante dos fatos os dois foram levados para a delegacia de plant\u00e3o para ser tomadas as medidas cab\u00edveis.<\/div>\n<div style=\"background-color: white; box-sizing: border-box; line-height: 26px; margin-bottom: 26px; text-align: justify; word-wrap: break-word;\">\nFonte: Dayvson Robert\/No Detalhe.<\/div>\n","protected":false},"excerpt":{"rendered":"<p>Na noite desse s\u00e1bado (07), os policiais da equipe&nbsp;Charles de Malhas da Lei, prenderam o casal&nbsp;MARCISL\u00c2NDIO MARCELINO SILVA&nbsp;e&nbsp;MARIA GRACIELE SILVA,&hellip;<\/p>\n","protected":false},"author":1,"featured_media":0,"comment_status":"open","ping_status":"open","sticky":false,"template":"","format":"standard","meta":{"footnotes":""},"categories":[1],"tags":[2,1838,1839,13],"class_list":["post-1816","post","type-post","status-publish","format-standard","hentry","category-sem-categoria","tag-blog-do-edvaldo-magalhaes","tag-casal-acusado-de-estelionato-e-preso-em-hotel","tag-no-centro-de-caruaru","tag-policial"],"_links":{"self":[{"href":"https:\/\/blogdoedvaldomagalhaes.com.br\/index.php\/wp-json\/wp\/v2\/posts\/1816","targetHints":{"allow":["GET"]}}],"collection":[{"href":"https:\/\/blogdoedvaldomagalhaes.com.br\/index.php\/wp-json\/wp\/v2\/posts"}],"about":[{"href":"https:\/\/blogdoedvaldomagalhaes.com.br\/index.php\/wp-json\/wp\/v2\/types\/post"}],"author":[{"embeddable":true,"href":"https:\/\/blogdoedvaldomagalhaes.com.br\/index.php\/wp-json\/wp\/v2\/users\/1"}],"replies":[{"embeddable":true,"href":"https:\/\/blogdoedvaldomagalhaes.com.br\/index.php\/wp-json\/wp\/v2\/comments?post=1816"}],"version-history":[{"count":1,"href":"https:\/\/blogdoedvaldomagalhaes.com.br\/index.php\/wp-json\/wp\/v2\/posts\/1816\/revisions"}],"predecessor-version":[{"id":32653,"href":"https:\/\/blogdoedvaldomagalhaes.com.br\/index.php\/wp-json\/wp\/v2\/posts\/1816\/revisions\/32653"}],"wp:attachment":[{"href":"https:\/\/blogdoedvaldomagalhaes.com.br\/index.php\/wp-json\/wp\/v2\/media?parent=1816"}],"wp:term":[{"taxonomy":"category","embeddable":true,"href":"https:\/\/blogdoedvaldomagalhaes.com.br\/index.php\/wp-json\/wp\/v2\/categories?post=1816"},{"taxonomy":"post_tag","embeddable":true,"href":"https:\/\/blogdoedvaldomagalhaes.com.br\/index.php\/wp-json\/wp\/v2\/tags?post=1816"}],"curies":[{"name":"wp","href":"https:\/\/api.w.org\/{rel}","templated":true}]}}