{"id":1815,"date":"2018-07-08T19:55:00","date_gmt":"2018-07-08T22:55:00","guid":{"rendered":"http:\/\/blogdoedvaldomagalhaes.com.br\/index.php\/2018\/07\/08\/torcedores-feridos-em-briga-de\/"},"modified":"2019-02-09T02:24:12","modified_gmt":"2019-02-09T04:24:12","slug":"torcedores-feridos-em-briga-de","status":"publish","type":"post","link":"https:\/\/blogdoedvaldomagalhaes.com.br\/index.php\/2018\/07\/08\/torcedores-feridos-em-briga-de\/","title":{"rendered":"Torcedores feridos em briga de organizadas no Recife neste domingo (8)"},"content":{"rendered":"<div class=\"separator\" style=\"clear: both; text-align: center;\">\n<a href=\"https:\/\/3.bp.blogspot.com\/-sjSUJ1vt5DY\/W0JrjB9YgwI\/AAAAAAAA2CU\/9Huyl3qNcRUJ3byIN2HCpbIdGN2Mev02wCLcBGAs\/s1600\/comunq.jpg\" imageanchor=\"1\" style=\"margin-left: 1em; margin-right: 1em;\"><img loading=\"lazy\" decoding=\"async\" border=\"0\" data-original-height=\"410\" data-original-width=\"748\" height=\"350\" src=\"http:\/\/blogdoedvaldomagalhaes.com.br\/wp-content\/uploads\/2018\/07\/comunq.jpg\" width=\"640\" \/><\/a><\/div>\n<div class=\"separator\" style=\"clear: both; text-align: center;\">\nFoto JC Online recebida atrav\u00e9s do comuniq<\/div>\n<div style=\"text-align: justify;\">\n<\/div>\n<div style=\"text-align: justify;\">\nUma briga entre torcidas organizadas na rua C\u00f4nego Barata, no bairro Tamarineira, em uma das vias que d\u00e1 acesso ao Est\u00e1dio do Arruda, horas antes do jogo Santa Cruz x Remo, pela S\u00e9rie C, terminou com pelo menos tr\u00eas torcedores feridos neste domingo (8), no Recife. Um torcedor do Santa Cruz identificado como Diogo Andrade de Ara\u00fajo foi atingido por pedradas e pauladas.<\/div>\n","protected":false},"excerpt":{"rendered":"<p>Foto JC Online recebida atrav\u00e9s do comuniq Uma briga entre torcidas organizadas na rua C\u00f4nego Barata, no bairro Tamarineira, em&hellip;<\/p>\n","protected":false},"author":1,"featured_media":0,"comment_status":"open","ping_status":"open","sticky":false,"template":"","format":"standard","meta":{"footnotes":""},"categories":[1],"tags":[2,3,1837],"class_list":["post-1815","post","type-post","status-publish","format-standard","hentry","category-sem-categoria","tag-blog-do-edvaldo-magalhaes","tag-futebol","tag-torcedores-feridos-em-briga-de-organizadas-no-recife-neste-domingo-8"],"_links":{"self":[{"href":"https:\/\/blogdoedvaldomagalhaes.com.br\/index.php\/wp-json\/wp\/v2\/posts\/1815","targetHints":{"allow":["GET"]}}],"collection":[{"href":"https:\/\/blogdoedvaldomagalhaes.com.br\/index.php\/wp-json\/wp\/v2\/posts"}],"about":[{"href":"https:\/\/blogdoedvaldomagalhaes.com.br\/index.php\/wp-json\/wp\/v2\/types\/post"}],"author":[{"embeddable":true,"href":"https:\/\/blogdoedvaldomagalhaes.com.br\/index.php\/wp-json\/wp\/v2\/users\/1"}],"replies":[{"embeddable":true,"href":"https:\/\/blogdoedvaldomagalhaes.com.br\/index.php\/wp-json\/wp\/v2\/comments?post=1815"}],"version-history":[{"count":1,"href":"https:\/\/blogdoedvaldomagalhaes.com.br\/index.php\/wp-json\/wp\/v2\/posts\/1815\/revisions"}],"predecessor-version":[{"id":32655,"href":"https:\/\/blogdoedvaldomagalhaes.com.br\/index.php\/wp-json\/wp\/v2\/posts\/1815\/revisions\/32655"}],"wp:attachment":[{"href":"https:\/\/blogdoedvaldomagalhaes.com.br\/index.php\/wp-json\/wp\/v2\/media?parent=1815"}],"wp:term":[{"taxonomy":"category","embeddable":true,"href":"https:\/\/blogdoedvaldomagalhaes.com.br\/index.php\/wp-json\/wp\/v2\/categories?post=1815"},{"taxonomy":"post_tag","embeddable":true,"href":"https:\/\/blogdoedvaldomagalhaes.com.br\/index.php\/wp-json\/wp\/v2\/tags?post=1815"}],"curies":[{"name":"wp","href":"https:\/\/api.w.org\/{rel}","templated":true}]}}