{"id":1814,"date":"2018-07-08T21:23:00","date_gmt":"2018-07-09T00:23:00","guid":{"rendered":"http:\/\/blogdoedvaldomagalhaes.com.br\/index.php\/2018\/07\/08\/acidente-entre-carro-e-moto-com-vitima\/"},"modified":"2019-02-09T02:24:12","modified_gmt":"2019-02-09T04:24:12","slug":"acidente-entre-carro-e-moto-com-vitima","status":"publish","type":"post","link":"https:\/\/blogdoedvaldomagalhaes.com.br\/index.php\/2018\/07\/08\/acidente-entre-carro-e-moto-com-vitima\/","title":{"rendered":"Acidente entre carro e moto com v\u00edtima fatal na BR-104 em Caruaru"},"content":{"rendered":"<div class=\"separator\" style=\"clear: both; text-align: center;\">\n<a href=\"https:\/\/2.bp.blogspot.com\/-vrlCy4HhLUo\/W0KAE5tqs9I\/AAAAAAAA2Cw\/Nw5kmZP_EkA0ZnqB9LYu27-eBTHdZm0TwCLcBGAs\/s1600\/04.jpg\" imageanchor=\"1\" style=\"margin-left: 1em; margin-right: 1em;\"><img loading=\"lazy\" decoding=\"async\" border=\"0\" data-original-height=\"158\" data-original-width=\"280\" height=\"358\" src=\"http:\/\/blogdoedvaldomagalhaes.com.br\/wp-content\/uploads\/2018\/07\/04.jpg\" width=\"640\" \/><\/a><\/div>\n<div class=\"separator\" style=\"clear: both; text-align: center;\">\n<\/div>\n<div style=\"text-align: justify;\">\n<\/div>\n<div style=\"text-align: justify;\">\nUm tr\u00e1gico acidente ocorrido na madrugada desse s\u00e1bado (07) nas proximidades da Fazenda Macambira e do S\u00edtio Terra Vermelha, na zona rural de Caruaru, na BR 104 em Caruaru, deixou uma v\u00edtima fatal. A v\u00edtima foi Jos\u00e9 Carlos da Silva, de 40 anos, que residia em Altinho e era motorista da empresa RF Distribuidora em Caruaru.<\/div>\n<div style=\"text-align: justify;\">\n<\/div>\n<div class=\"separator\" style=\"clear: both; text-align: center;\">\n<a href=\"https:\/\/4.bp.blogspot.com\/-QcYuwbG0fH8\/W0J__UGwtLI\/AAAAAAAA2Cs\/KDNaWMadXKU70sBK_5wADxZ19BsteZQJQCEwYBhgL\/s1600\/03.jpg\" imageanchor=\"1\" style=\"margin-left: 1em; margin-right: 1em;\"><img loading=\"lazy\" decoding=\"async\" border=\"0\" data-original-height=\"158\" data-original-width=\"280\" height=\"358\" src=\"http:\/\/blogdoedvaldomagalhaes.com.br\/wp-content\/uploads\/2018\/07\/03.jpg\" width=\"640\" \/><\/a><\/div>\n<div style=\"text-align: justify;\">\n<\/div>\n<div style=\"text-align: justify;\">\nSegundo Informa\u00e7\u00f5es o acidente aconteceu ainda na madrugada, por\u00e9m o corpo da v\u00edtima s\u00f3 foi localizada por volta das seis horas da manh\u00e3.<\/div>\n<div style=\"text-align: justify;\">\n<\/div>\n<div class=\"separator\" style=\"clear: both; text-align: center;\">\n<a href=\"https:\/\/4.bp.blogspot.com\/-iMCl2ZD9d2M\/W0KAK34QOdI\/AAAAAAAA2C0\/cX9ZlPN8RXUNiROf18xd-sLPAnjLjH55gCLcBGAs\/s1600\/02.jpg\" imageanchor=\"1\" style=\"margin-left: 1em; margin-right: 1em;\"><img loading=\"lazy\" decoding=\"async\" border=\"0\" data-original-height=\"158\" data-original-width=\"280\" height=\"358\" src=\"http:\/\/blogdoedvaldomagalhaes.com.br\/wp-content\/uploads\/2018\/07\/02.jpg\" width=\"640\" \/><\/a><\/div>\n<div style=\"text-align: justify;\">\n<\/div>\n<div style=\"text-align: justify;\">\nA equipe do SAMU esteve no local para o atendimento de urg\u00eancia, sem sucesso pois o corpo j\u00e1 estava sem vida. O corpo foi encaminhado para o IML de Caruaru.<\/div>\n<div style=\"text-align: justify;\">\n<\/div>\n<div class=\"separator\" style=\"clear: both; text-align: center;\">\n<a href=\"https:\/\/2.bp.blogspot.com\/-CUh0Ah8YfxQ\/W0KAPesRkNI\/AAAAAAAA2C8\/Ffpa4kCdkuEKoNluQH_z1k-7rzpB3mZDwCLcBGAs\/s1600\/01.jpg\" imageanchor=\"1\" style=\"margin-left: 1em; margin-right: 1em;\"><img loading=\"lazy\" decoding=\"async\" border=\"0\" data-original-height=\"183\" data-original-width=\"159\" height=\"400\" src=\"http:\/\/blogdoedvaldomagalhaes.com.br\/wp-content\/uploads\/2018\/07\/01-1.jpg\" width=\"345\" \/><\/a><\/div>\n<div style=\"text-align: justify;\">\n<\/div>\n<div style=\"text-align: justify;\">\nFonte: Cl\u00e1udio Silva\/Caruaru Hoje<\/div>\n<div style=\"text-align: justify;\">\n<\/div>\n<div style=\"text-align: justify;\">\n<\/div>\n","protected":false},"excerpt":{"rendered":"<p>Um tr\u00e1gico acidente ocorrido na madrugada desse s\u00e1bado (07) nas proximidades da Fazenda Macambira e do S\u00edtio Terra Vermelha, na&hellip;<\/p>\n","protected":false},"author":1,"featured_media":0,"comment_status":"open","ping_status":"open","sticky":false,"template":"","format":"standard","meta":{"footnotes":""},"categories":[1],"tags":[1836,2,6],"class_list":["post-1814","post","type-post","status-publish","format-standard","hentry","category-sem-categoria","tag-acidente-entre-carro-e-moto-com-vitima-fatal-na-br-104-em-caruaru","tag-blog-do-edvaldo-magalhaes","tag-noticias"],"_links":{"self":[{"href":"https:\/\/blogdoedvaldomagalhaes.com.br\/index.php\/wp-json\/wp\/v2\/posts\/1814","targetHints":{"allow":["GET"]}}],"collection":[{"href":"https:\/\/blogdoedvaldomagalhaes.com.br\/index.php\/wp-json\/wp\/v2\/posts"}],"about":[{"href":"https:\/\/blogdoedvaldomagalhaes.com.br\/index.php\/wp-json\/wp\/v2\/types\/post"}],"author":[{"embeddable":true,"href":"https:\/\/blogdoedvaldomagalhaes.com.br\/index.php\/wp-json\/wp\/v2\/users\/1"}],"replies":[{"embeddable":true,"href":"https:\/\/blogdoedvaldomagalhaes.com.br\/index.php\/wp-json\/wp\/v2\/comments?post=1814"}],"version-history":[{"count":1,"href":"https:\/\/blogdoedvaldomagalhaes.com.br\/index.php\/wp-json\/wp\/v2\/posts\/1814\/revisions"}],"predecessor-version":[{"id":32660,"href":"https:\/\/blogdoedvaldomagalhaes.com.br\/index.php\/wp-json\/wp\/v2\/posts\/1814\/revisions\/32660"}],"wp:attachment":[{"href":"https:\/\/blogdoedvaldomagalhaes.com.br\/index.php\/wp-json\/wp\/v2\/media?parent=1814"}],"wp:term":[{"taxonomy":"category","embeddable":true,"href":"https:\/\/blogdoedvaldomagalhaes.com.br\/index.php\/wp-json\/wp\/v2\/categories?post=1814"},{"taxonomy":"post_tag","embeddable":true,"href":"https:\/\/blogdoedvaldomagalhaes.com.br\/index.php\/wp-json\/wp\/v2\/tags?post=1814"}],"curies":[{"name":"wp","href":"https:\/\/api.w.org\/{rel}","templated":true}]}}