{"id":1812,"date":"2018-07-08T22:18:00","date_gmt":"2018-07-09T01:18:00","guid":{"rendered":"http:\/\/blogdoedvaldomagalhaes.com.br\/index.php\/2018\/07\/08\/prefeito-de-caruaru-em-exercicio\/"},"modified":"2019-02-09T02:24:14","modified_gmt":"2019-02-09T04:24:14","slug":"prefeito-de-caruaru-em-exercicio","status":"publish","type":"post","link":"https:\/\/blogdoedvaldomagalhaes.com.br\/index.php\/2018\/07\/08\/prefeito-de-caruaru-em-exercicio\/","title":{"rendered":"Prefeito de Caruaru em exerc\u00edcio Rodrigo Pinheiro visita o S\u00e3o Jo\u00e3o de Campina Grande"},"content":{"rendered":"<div class=\"separator\" style=\"clear: both; text-align: center;\">\n<a href=\"https:\/\/2.bp.blogspot.com\/-ghCL29hNDcg\/W0KKu9yzyYI\/AAAAAAAA2DY\/I9s9Hy8zwA8PekDuRChj6lqyrp_Fn3J6ACLcBGAs\/s1600\/1.JPG\" imageanchor=\"1\" style=\"margin-left: 1em; margin-right: 1em;\"><img loading=\"lazy\" decoding=\"async\" border=\"0\" data-original-height=\"1067\" data-original-width=\"1600\" height=\"426\" src=\"http:\/\/blogdoedvaldomagalhaes.com.br\/wp-content\/uploads\/2018\/07\/1-4.jpg\" width=\"640\" \/><\/a><\/div>\n<div class=\"separator\" style=\"clear: both; text-align: center;\">\n<\/div>\n<div class=\"separator\" style=\"clear: both; text-align: center;\">\n<a href=\"https:\/\/2.bp.blogspot.com\/-BXRv86TzNEA\/W0KLDh9NuhI\/AAAAAAAA2Dg\/XnD4_3VR5T0AFV6_i1lxjmgYPBxDKnaAwCLcBGAs\/s1600\/4.JPG\" imageanchor=\"1\" style=\"margin-left: 1em; margin-right: 1em;\"><img loading=\"lazy\" decoding=\"async\" border=\"0\" data-original-height=\"1067\" data-original-width=\"1600\" height=\"426\" src=\"http:\/\/blogdoedvaldomagalhaes.com.br\/wp-content\/uploads\/2018\/07\/4-1.jpg\" width=\"640\" \/><\/a><\/div>\n<div style=\"text-align: justify;\">\n<\/div>\n<div style=\"text-align: justify;\">\nO prefeito de Caruaru em exerc\u00edcio, Rodrigo Pinheiro, esteve em Campina Grande &#8211; PB na noite deste s\u00e1bado (07) para conhecer a estrutura do S\u00e3o Jo\u00e3o do munic\u00edpio. A visita foi acompanhada por uma comitiva formada por membros do executivo municipal de Caruaru, entre eles, a presidente da Funda\u00e7\u00e3o de Cultura e Turismo, Maria Alves, o diretor-presidente da Destra, Roberto Bezerra, e o controlador do munic\u00edpio, Dimitri Bezerra.<\/div>\n<div style=\"text-align: justify;\">\n<\/div>\n<div class=\"separator\" style=\"clear: both; text-align: center;\">\n<a href=\"https:\/\/4.bp.blogspot.com\/-nLrw1es7a5w\/W0KLieufQSI\/AAAAAAAA2Do\/XY1ivysXo6YZpZKh63CcrkSDqkNT-d98wCLcBGAs\/s1600\/3.JPG\" imageanchor=\"1\" style=\"margin-left: 1em; margin-right: 1em;\"><img loading=\"lazy\" decoding=\"async\" border=\"0\" data-original-height=\"1067\" data-original-width=\"1600\" height=\"426\" src=\"http:\/\/blogdoedvaldomagalhaes.com.br\/wp-content\/uploads\/2018\/07\/3-2.jpg\" width=\"640\" \/><\/a><\/div>\n<div class=\"separator\" style=\"clear: both; text-align: center;\">\n<\/div>\n<div class=\"separator\" style=\"clear: both; text-align: center;\">\n<a href=\"https:\/\/1.bp.blogspot.com\/-cWbQr0XgZuc\/W0KL32rmSOI\/AAAAAAAA2Dw\/KFX3pXtZYWYTJnlKhR_ewsAx0MhgwDylACLcBGAs\/s1600\/9.JPG\" imageanchor=\"1\" style=\"margin-left: 1em; margin-right: 1em;\"><img loading=\"lazy\" decoding=\"async\" border=\"0\" data-original-height=\"1067\" data-original-width=\"1600\" height=\"426\" src=\"http:\/\/blogdoedvaldomagalhaes.com.br\/wp-content\/uploads\/2018\/07\/9-1.jpg\" width=\"640\" \/><\/a><\/div>\n<div style=\"text-align: justify;\">\n<\/div>\n<div style=\"text-align: justify;\">\nO grupo foi recepcionado na entrada do Parque do Povo pela equipe da Prefeitura de Campina Grande, que guiou os visitantes num passeio pela cidade cenogr\u00e1fica, apresentando toda a estrutura do evento. Em seguida, todos foram ao encontro do prefeito Romero Rodrigues, que fez as honras da casa, recebendo os convidados na estrutura dos camarotes, onde gentilmente prosseguiu com a visita guiada pelos bastidores e palco.<\/div>\n<div style=\"text-align: justify;\">\n<\/div>\n<div class=\"separator\" style=\"clear: both; text-align: center;\">\n<a href=\"https:\/\/1.bp.blogspot.com\/-9icrvQG-wzM\/W0KMRQSZd2I\/AAAAAAAA2D4\/ltkNKRXQ3OUvN4n6LDzKoHQMZCHWyG3kQCLcBGAs\/s1600\/6.JPG\" imageanchor=\"1\" style=\"margin-left: 1em; margin-right: 1em;\"><img loading=\"lazy\" decoding=\"async\" border=\"0\" data-original-height=\"1067\" data-original-width=\"1600\" height=\"426\" src=\"http:\/\/blogdoedvaldomagalhaes.com.br\/wp-content\/uploads\/2018\/07\/6.jpg\" width=\"640\" \/><\/a><\/div>\n<p><\/p>\n<div class=\"separator\" style=\"clear: both; text-align: center;\">\n<a href=\"https:\/\/2.bp.blogspot.com\/-LgSpjya9_EU\/W0KMUgSFWOI\/AAAAAAAA2D8\/vrblxv6jQOIuF-FyzQQGR_3h7tWuPB2WgCLcBGAs\/s1600\/7.JPG\" imageanchor=\"1\" style=\"margin-left: 1em; margin-right: 1em;\"><img loading=\"lazy\" decoding=\"async\" border=\"0\" data-original-height=\"1067\" data-original-width=\"1600\" height=\"426\" src=\"http:\/\/blogdoedvaldomagalhaes.com.br\/wp-content\/uploads\/2018\/07\/7.jpg\" width=\"640\" \/><\/a><\/div>\n<div style=\"text-align: justify;\">\n<\/div>\n<div style=\"text-align: justify;\">\nDurante a passagem, Rodrigo Pinheiro deu entrevistas para emissoras de TV e r\u00e1dios locais, onde citou a concorr\u00eancia saud\u00e1vel entre os dois munic\u00edpios e as conversas amistosas entre a prefeita de Caruaru, Raquel Lyra, e o prefeito de Campina Grande, Romero Rodrigues, a respeito do S\u00e3o Jo\u00e3o deste ano e do ano passado.<\/div>\n<div style=\"text-align: justify;\">\n<\/div>\n<div class=\"separator\" style=\"clear: both; text-align: center;\">\n<a href=\"https:\/\/1.bp.blogspot.com\/-btU5Qwnbtwg\/W0KM8VBAIgI\/AAAAAAAA2EM\/omVyhG0zcFQQAw66-aFeqSBX4rhjRoNPwCLcBGAs\/s1600\/8.JPG\" imageanchor=\"1\" style=\"margin-left: 1em; margin-right: 1em;\"><img loading=\"lazy\" decoding=\"async\" border=\"0\" data-original-height=\"1067\" data-original-width=\"1600\" height=\"426\" src=\"http:\/\/blogdoedvaldomagalhaes.com.br\/wp-content\/uploads\/2018\/07\/8-1.jpg\" width=\"640\" \/><\/a><\/div>\n<div style=\"text-align: justify;\">\n<\/div>\n<div style=\"text-align: justify;\">\n\u201cA gente sabe da import\u00e2ncia que \u00e9 o S\u00e3o Jo\u00e3o para as duas cidades, uma festa multicultural que atrai turistas para ambas e movimenta a economia e fomos solid\u00e1rios com o prefeito Romero, quanto aos problemas decorrentes da paralisa\u00e7\u00e3o nacional, quando n\u00f3s tamb\u00e9m passamos por dificuldades sem saber, por exemplo, se \u00edamos conseguir iniciar a nossa festa na data prevista\u201d, destacou Rodrigo em uma das entrevistas.<\/div>\n<div style=\"text-align: justify;\">\n<\/div>\n<div class=\"separator\" style=\"clear: both; text-align: center;\">\n<a href=\"https:\/\/1.bp.blogspot.com\/-cbo_SSjbFV0\/W0KNkQDAasI\/AAAAAAAA2EY\/G_pqPSdsyQk-hijcPNS8q1zAdE4Edz_DwCLcBGAs\/s1600\/5.JPG\" imageanchor=\"1\" style=\"margin-left: 1em; margin-right: 1em;\"><img loading=\"lazy\" decoding=\"async\" border=\"0\" data-original-height=\"1067\" data-original-width=\"1600\" height=\"426\" src=\"http:\/\/blogdoedvaldomagalhaes.com.br\/wp-content\/uploads\/2018\/07\/5-1.jpg\" width=\"640\" \/><\/a><\/div>\n<p><\/p>\n<div class=\"separator\" style=\"clear: both; text-align: center;\">\n<a href=\"https:\/\/3.bp.blogspot.com\/-5HRQcrf3x90\/W0KNkfmF-PI\/AAAAAAAA2Ec\/ZsWoaXouUYUxv9zUgnu2P8HRqhilf37kACLcBGAs\/s1600\/10.JPG\" imageanchor=\"1\" style=\"margin-left: 1em; margin-right: 1em;\"><img loading=\"lazy\" decoding=\"async\" border=\"0\" data-original-height=\"1067\" data-original-width=\"1600\" height=\"426\" src=\"http:\/\/blogdoedvaldomagalhaes.com.br\/wp-content\/uploads\/2018\/07\/10-1.jpg\" width=\"640\" \/><\/a><\/div>\n<div style=\"text-align: justify;\">\n<\/div>\n<div style=\"text-align: justify;\">\n<\/div>\n","protected":false},"excerpt":{"rendered":"<p>O prefeito de Caruaru em exerc\u00edcio, Rodrigo Pinheiro, esteve em Campina Grande &#8211; PB na noite deste s\u00e1bado (07) para&hellip;<\/p>\n","protected":false},"author":1,"featured_media":0,"comment_status":"open","ping_status":"open","sticky":false,"template":"","format":"standard","meta":{"footnotes":""},"categories":[1],"tags":[2,20,1834],"class_list":["post-1812","post","type-post","status-publish","format-standard","hentry","category-sem-categoria","tag-blog-do-edvaldo-magalhaes","tag-politica","tag-prefeito-de-caruaru-em-exercicio-rodrigo-pinheiro-visita-o-sao-joao-de-campina-grande"],"_links":{"self":[{"href":"https:\/\/blogdoedvaldomagalhaes.com.br\/index.php\/wp-json\/wp\/v2\/posts\/1812","targetHints":{"allow":["GET"]}}],"collection":[{"href":"https:\/\/blogdoedvaldomagalhaes.com.br\/index.php\/wp-json\/wp\/v2\/posts"}],"about":[{"href":"https:\/\/blogdoedvaldomagalhaes.com.br\/index.php\/wp-json\/wp\/v2\/types\/post"}],"author":[{"embeddable":true,"href":"https:\/\/blogdoedvaldomagalhaes.com.br\/index.php\/wp-json\/wp\/v2\/users\/1"}],"replies":[{"embeddable":true,"href":"https:\/\/blogdoedvaldomagalhaes.com.br\/index.php\/wp-json\/wp\/v2\/comments?post=1812"}],"version-history":[{"count":1,"href":"https:\/\/blogdoedvaldomagalhaes.com.br\/index.php\/wp-json\/wp\/v2\/posts\/1812\/revisions"}],"predecessor-version":[{"id":32672,"href":"https:\/\/blogdoedvaldomagalhaes.com.br\/index.php\/wp-json\/wp\/v2\/posts\/1812\/revisions\/32672"}],"wp:attachment":[{"href":"https:\/\/blogdoedvaldomagalhaes.com.br\/index.php\/wp-json\/wp\/v2\/media?parent=1812"}],"wp:term":[{"taxonomy":"category","embeddable":true,"href":"https:\/\/blogdoedvaldomagalhaes.com.br\/index.php\/wp-json\/wp\/v2\/categories?post=1812"},{"taxonomy":"post_tag","embeddable":true,"href":"https:\/\/blogdoedvaldomagalhaes.com.br\/index.php\/wp-json\/wp\/v2\/tags?post=1812"}],"curies":[{"name":"wp","href":"https:\/\/api.w.org\/{rel}","templated":true}]}}