{"id":181,"date":"2019-01-19T15:17:00","date_gmt":"2019-01-19T17:17:00","guid":{"rendered":"http:\/\/blogdoedvaldomagalhaes.com.br\/index.php\/2019\/01\/19\/idoso-e-esfaqueado-e-acusado-preso-e\/"},"modified":"2019-02-09T02:49:53","modified_gmt":"2019-02-09T04:49:53","slug":"idoso-e-esfaqueado-e-acusado-preso-e","status":"publish","type":"post","link":"https:\/\/blogdoedvaldomagalhaes.com.br\/index.php\/2019\/01\/19\/idoso-e-esfaqueado-e-acusado-preso-e\/","title":{"rendered":"Idoso \u00e9 esfaqueado e acusado preso em Caruaru"},"content":{"rendered":"<div class=\"separator\" style=\"clear: both; text-align: center;\">\n<a href=\"https:\/\/4.bp.blogspot.com\/-mwdbxPqDaE0\/XEM_NDuZkMI\/AAAAAAABBRM\/--h1-P8ELmEeP3DSIpsOuLb8vAD2N0pUACLcBGAs\/s1600\/IMG-20190119-WA0063.jpg\" imageanchor=\"1\" style=\"margin-left: 1em; margin-right: 1em;\"><img loading=\"lazy\" decoding=\"async\" border=\"0\" data-original-height=\"1040\" data-original-width=\"585\" height=\"640\" src=\"http:\/\/blogdoedvaldomagalhaes.com.br\/wp-content\/uploads\/2019\/01\/IMG-20190119-WA0063.jpg\" width=\"360\" \/><\/a><\/div>\n<p><\/p>\n<div style=\"text-align: justify;\">\nO idoso Cassimiro Jo\u00e3o Figueredo, de 74 anos de idade, residente na rua Dr. J\u00falio de Melo, no centro da cidade, foi esfaqueado em frente ao Terminal Rodovi\u00e1rio de Caruaru, que fica ao lado do 4\u00ba BPM, neste s\u00e1bado (19), sendo socorrido pelo SAMU e levado para o Hospital Regional do Agreste (HRA), com tees facadas nas costas e uma no ombto.<\/p>\n<div class=\"separator\" style=\"clear: both; text-align: center;\">\n<a href=\"https:\/\/2.bp.blogspot.com\/-BQU4xhL6xSo\/XERKZZPFlDI\/AAAAAAABBTA\/w_LdpUHI7S4OAmkzWfAZo6oVmBnUHCVpACLcBGAs\/s1600\/FB_IMG_1547979312206.jpg\" imageanchor=\"1\" style=\"margin-left: 1em; margin-right: 1em;\"><img loading=\"lazy\" decoding=\"async\" border=\"0\" data-original-height=\"479\" data-original-width=\"720\" height=\"424\" src=\"http:\/\/blogdoedvaldomagalhaes.com.br\/wp-content\/uploads\/2019\/01\/FB_IMG_1547979312206.jpg\" width=\"640\" \/><\/a><\/div>\n<div class=\"separator\" style=\"clear: both; text-align: center;\">\nFoto do susoeito<\/div>\n<p>\nO acusado C\u00edcero Ant\u00f4nio Ferreira da Silva, residente em Campestre-AL, foi pego por populares e linchado, em seguida entregue na DINTER1. Segundo informa\u00e7\u00f5es de populares, n\u00e3o houve motivo para a agress\u00e3o.<\/p>\n<\/div>\n","protected":false},"excerpt":{"rendered":"<p>O idoso Cassimiro Jo\u00e3o Figueredo, de 74 anos de idade, residente na rua Dr. J\u00falio de Melo, no centro da&hellip;<\/p>\n","protected":false},"author":1,"featured_media":0,"comment_status":"open","ping_status":"open","sticky":false,"template":"","format":"standard","meta":{"footnotes":""},"categories":[1],"tags":[2,193,13],"class_list":["post-181","post","type-post","status-publish","format-standard","hentry","category-sem-categoria","tag-blog-do-edvaldo-magalhaes","tag-idoso-e-esfaqueado-e-acusado-preso-em-caruaru","tag-policial"],"_links":{"self":[{"href":"https:\/\/blogdoedvaldomagalhaes.com.br\/index.php\/wp-json\/wp\/v2\/posts\/181","targetHints":{"allow":["GET"]}}],"collection":[{"href":"https:\/\/blogdoedvaldomagalhaes.com.br\/index.php\/wp-json\/wp\/v2\/posts"}],"about":[{"href":"https:\/\/blogdoedvaldomagalhaes.com.br\/index.php\/wp-json\/wp\/v2\/types\/post"}],"author":[{"embeddable":true,"href":"https:\/\/blogdoedvaldomagalhaes.com.br\/index.php\/wp-json\/wp\/v2\/users\/1"}],"replies":[{"embeddable":true,"href":"https:\/\/blogdoedvaldomagalhaes.com.br\/index.php\/wp-json\/wp\/v2\/comments?post=181"}],"version-history":[{"count":1,"href":"https:\/\/blogdoedvaldomagalhaes.com.br\/index.php\/wp-json\/wp\/v2\/posts\/181\/revisions"}],"predecessor-version":[{"id":37566,"href":"https:\/\/blogdoedvaldomagalhaes.com.br\/index.php\/wp-json\/wp\/v2\/posts\/181\/revisions\/37566"}],"wp:attachment":[{"href":"https:\/\/blogdoedvaldomagalhaes.com.br\/index.php\/wp-json\/wp\/v2\/media?parent=181"}],"wp:term":[{"taxonomy":"category","embeddable":true,"href":"https:\/\/blogdoedvaldomagalhaes.com.br\/index.php\/wp-json\/wp\/v2\/categories?post=181"},{"taxonomy":"post_tag","embeddable":true,"href":"https:\/\/blogdoedvaldomagalhaes.com.br\/index.php\/wp-json\/wp\/v2\/tags?post=181"}],"curies":[{"name":"wp","href":"https:\/\/api.w.org\/{rel}","templated":true}]}}