{"id":1807,"date":"2018-07-10T10:13:00","date_gmt":"2018-07-10T13:13:00","guid":{"rendered":"http:\/\/blogdoedvaldomagalhaes.com.br\/index.php\/2018\/07\/10\/motorista-de-caminhao-e-detido-por\/"},"modified":"2019-02-09T02:24:19","modified_gmt":"2019-02-09T04:24:19","slug":"motorista-de-caminhao-e-detido-por","status":"publish","type":"post","link":"https:\/\/blogdoedvaldomagalhaes.com.br\/index.php\/2018\/07\/10\/motorista-de-caminhao-e-detido-por\/","title":{"rendered":"Motorista de caminh\u00e3o \u00e9 detido por embriaguez"},"content":{"rendered":"<div class=\"separator\" style=\"clear: both; text-align: center;\">\n<a href=\"https:\/\/1.bp.blogspot.com\/-LUQgCh83wyw\/W0SGWN_Mc6I\/AAAAAAAA2IE\/yGdxL78X5M4RxH8vA-ru8r3j2qy5wDUnQCLcBGAs\/s1600\/prf.jpg\" imageanchor=\"1\" style=\"margin-left: 1em; margin-right: 1em;\"><img loading=\"lazy\" decoding=\"async\" border=\"0\" data-original-height=\"281\" data-original-width=\"500\" height=\"354\" src=\"http:\/\/blogdoedvaldomagalhaes.com.br\/wp-content\/uploads\/2018\/07\/prf.jpg\" width=\"640\" \/><\/a><\/div>\n<div class=\"separator\" style=\"clear: both; text-align: center;\">\nFoto: PRF\/Divulga\u00e7\u00e3o<\/div>\n<div style=\"background-color: white; box-sizing: border-box; line-height: 24px; margin-bottom: 10px; text-align: justify;\">\n<\/div>\n<div style=\"background-color: white; box-sizing: border-box; line-height: 24px; margin-bottom: 10px; text-align: justify;\">\nUm homem de 35 anos, que dirigia um caminh\u00e3o carregado com 31 mil vasilhames de vidro, foi detido por embriaguez ao volante pela Pol\u00edcia Rodovi\u00e1ria Federal (PRF). O flagrante ocorreu na tarde desta segunda-feira (09), na BR-232, em Gravat\u00e1, no Agreste de Pernambuco.<\/div>\n<div style=\"background-color: white; box-sizing: border-box; line-height: 24px; margin-bottom: 10px; text-align: justify;\">\nAp\u00f3s receber uma den\u00fancia atrav\u00e9s do telefone de emerg\u00eancia da PRF, os policiais realizaram a abordagem a um caminh\u00e3o no quil\u00f4metro 71 da rodovia. O motorista disse que consumiu duas cervejas e assumiu a dire\u00e7\u00e3o do ve\u00edculo. Ele foi autuado com uma multa no valor de R$ 2.934,70 e encaminhado \u00e0 Delegacia de Pol\u00edcia Civil de Gravat\u00e1.<\/div>\n<div style=\"background-color: white; box-sizing: border-box; line-height: 24px; margin-bottom: 10px; text-align: justify;\">\nQualquer den\u00fancia ou emerg\u00eancia nas rodovias federais pode ser informada atrav\u00e9s do telefone&nbsp;<strong style=\"box-sizing: border-box;\">191<\/strong>. A liga\u00e7\u00e3o \u00e9 gratuita e funciona 24 horas por dia.<\/div>\n","protected":false},"excerpt":{"rendered":"<p>Foto: PRF\/Divulga\u00e7\u00e3o Um homem de 35 anos, que dirigia um caminh\u00e3o carregado com 31 mil vasilhames de vidro, foi detido&hellip;<\/p>\n","protected":false},"author":1,"featured_media":0,"comment_status":"open","ping_status":"open","sticky":false,"template":"","format":"standard","meta":{"footnotes":""},"categories":[1],"tags":[2,1828,551,1829,13],"class_list":["post-1807","post","type-post","status-publish","format-standard","hentry","category-sem-categoria","tag-blog-do-edvaldo-magalhaes","tag-br-232","tag-gravata","tag-motorista-de-caminhao-e-detido-por-embriaguez","tag-policial"],"_links":{"self":[{"href":"https:\/\/blogdoedvaldomagalhaes.com.br\/index.php\/wp-json\/wp\/v2\/posts\/1807","targetHints":{"allow":["GET"]}}],"collection":[{"href":"https:\/\/blogdoedvaldomagalhaes.com.br\/index.php\/wp-json\/wp\/v2\/posts"}],"about":[{"href":"https:\/\/blogdoedvaldomagalhaes.com.br\/index.php\/wp-json\/wp\/v2\/types\/post"}],"author":[{"embeddable":true,"href":"https:\/\/blogdoedvaldomagalhaes.com.br\/index.php\/wp-json\/wp\/v2\/users\/1"}],"replies":[{"embeddable":true,"href":"https:\/\/blogdoedvaldomagalhaes.com.br\/index.php\/wp-json\/wp\/v2\/comments?post=1807"}],"version-history":[{"count":1,"href":"https:\/\/blogdoedvaldomagalhaes.com.br\/index.php\/wp-json\/wp\/v2\/posts\/1807\/revisions"}],"predecessor-version":[{"id":32686,"href":"https:\/\/blogdoedvaldomagalhaes.com.br\/index.php\/wp-json\/wp\/v2\/posts\/1807\/revisions\/32686"}],"wp:attachment":[{"href":"https:\/\/blogdoedvaldomagalhaes.com.br\/index.php\/wp-json\/wp\/v2\/media?parent=1807"}],"wp:term":[{"taxonomy":"category","embeddable":true,"href":"https:\/\/blogdoedvaldomagalhaes.com.br\/index.php\/wp-json\/wp\/v2\/categories?post=1807"},{"taxonomy":"post_tag","embeddable":true,"href":"https:\/\/blogdoedvaldomagalhaes.com.br\/index.php\/wp-json\/wp\/v2\/tags?post=1807"}],"curies":[{"name":"wp","href":"https:\/\/api.w.org\/{rel}","templated":true}]}}