{"id":1803,"date":"2018-07-10T20:05:00","date_gmt":"2018-07-10T23:05:00","guid":{"rendered":"http:\/\/blogdoedvaldomagalhaes.com.br\/index.php\/2018\/07\/10\/miss-plus-size-fashion-caruaru-2018-vai\/"},"modified":"2019-02-09T02:24:22","modified_gmt":"2019-02-09T04:24:22","slug":"miss-plus-size-fashion-caruaru-2018-vai","status":"publish","type":"post","link":"https:\/\/blogdoedvaldomagalhaes.com.br\/index.php\/2018\/07\/10\/miss-plus-size-fashion-caruaru-2018-vai\/","title":{"rendered":"Miss Plus Size Fashion Caruaru 2018 vai escolher a gordinha mais bela"},"content":{"rendered":"<div class=\"separator\" style=\"clear: both; text-align: center;\">\n<a href=\"https:\/\/3.bp.blogspot.com\/-5esQhOeGCdE\/W0URSMx-2sI\/AAAAAAAA2Kw\/i5mfRByNip4LL5RSBOcuwocXngvC3JcFACLcBGAs\/s1600\/miss.jpeg\" imageanchor=\"1\" style=\"margin-left: 1em; margin-right: 1em;\"><img loading=\"lazy\" decoding=\"async\" border=\"0\" data-original-height=\"487\" data-original-width=\"1280\" height=\"242\" src=\"http:\/\/blogdoedvaldomagalhaes.com.br\/wp-content\/uploads\/2018\/07\/miss.jpeg\" width=\"640\" \/><\/a><\/div>\n<div style=\"text-align: justify;\">\n<\/div>\n<div style=\"text-align: justify;\">\nO Miss Plus Size Fashion Caruaru, j\u00e1 vai para sua 2\u00aa edi\u00e7\u00e3o. O concurso que escolher\u00e1 a gordinha mais bela de Caruaru, acontece no pr\u00f3ximo dia 1\u00ba de setembro, no pavilh\u00e3o do Shopping Caruaru.<\/div>\n<div style=\"text-align: justify;\">\n<\/div>\n<div style=\"text-align: justify;\">\nAs inscri\u00e7\u00f5es est\u00e3o abertas, para participar a candidata precisa ter entre 18 e 45 anos e vestir a partir do manequim 44.<\/div>\n<div style=\"text-align: justify;\">\n<\/div>\n<div style=\"text-align: justify;\">\nAS inscri\u00e7\u00f5es s\u00e3o pela plataforma sympla, link a abaixo<\/div>\n<div style=\"text-align: justify;\">\n<\/div>\n<div style=\"text-align: justify;\">\nhttps:\/\/www.sympla.com.br\/miss-plus-size-fashion-caruaru-2018__246409<\/div>\n<div style=\"text-align: justify;\">\n<\/div>\n","protected":false},"excerpt":{"rendered":"<p>O Miss Plus Size Fashion Caruaru, j\u00e1 vai para sua 2\u00aa edi\u00e7\u00e3o. O concurso que escolher\u00e1 a gordinha mais bela&hellip;<\/p>\n","protected":false},"author":1,"featured_media":0,"comment_status":"open","ping_status":"open","sticky":false,"template":"","format":"standard","meta":{"footnotes":""},"categories":[1],"tags":[2,1824,6],"class_list":["post-1803","post","type-post","status-publish","format-standard","hentry","category-sem-categoria","tag-blog-do-edvaldo-magalhaes","tag-miss-plus-size-fashion-caruaru-2018-vai-escolher-a-gordinha-mais-bela","tag-noticias"],"_links":{"self":[{"href":"https:\/\/blogdoedvaldomagalhaes.com.br\/index.php\/wp-json\/wp\/v2\/posts\/1803","targetHints":{"allow":["GET"]}}],"collection":[{"href":"https:\/\/blogdoedvaldomagalhaes.com.br\/index.php\/wp-json\/wp\/v2\/posts"}],"about":[{"href":"https:\/\/blogdoedvaldomagalhaes.com.br\/index.php\/wp-json\/wp\/v2\/types\/post"}],"author":[{"embeddable":true,"href":"https:\/\/blogdoedvaldomagalhaes.com.br\/index.php\/wp-json\/wp\/v2\/users\/1"}],"replies":[{"embeddable":true,"href":"https:\/\/blogdoedvaldomagalhaes.com.br\/index.php\/wp-json\/wp\/v2\/comments?post=1803"}],"version-history":[{"count":1,"href":"https:\/\/blogdoedvaldomagalhaes.com.br\/index.php\/wp-json\/wp\/v2\/posts\/1803\/revisions"}],"predecessor-version":[{"id":32699,"href":"https:\/\/blogdoedvaldomagalhaes.com.br\/index.php\/wp-json\/wp\/v2\/posts\/1803\/revisions\/32699"}],"wp:attachment":[{"href":"https:\/\/blogdoedvaldomagalhaes.com.br\/index.php\/wp-json\/wp\/v2\/media?parent=1803"}],"wp:term":[{"taxonomy":"category","embeddable":true,"href":"https:\/\/blogdoedvaldomagalhaes.com.br\/index.php\/wp-json\/wp\/v2\/categories?post=1803"},{"taxonomy":"post_tag","embeddable":true,"href":"https:\/\/blogdoedvaldomagalhaes.com.br\/index.php\/wp-json\/wp\/v2\/tags?post=1803"}],"curies":[{"name":"wp","href":"https:\/\/api.w.org\/{rel}","templated":true}]}}