{"id":1802,"date":"2018-07-10T20:10:00","date_gmt":"2018-07-10T23:10:00","guid":{"rendered":"http:\/\/blogdoedvaldomagalhaes.com.br\/index.php\/2018\/07\/10\/palco-giratorio-fara-oficina-cenica-e\/"},"modified":"2019-02-09T02:24:22","modified_gmt":"2019-02-09T04:24:22","slug":"palco-giratorio-fara-oficina-cenica-e","status":"publish","type":"post","link":"https:\/\/blogdoedvaldomagalhaes.com.br\/index.php\/2018\/07\/10\/palco-giratorio-fara-oficina-cenica-e\/","title":{"rendered":"Palco Girat\u00f3rio far\u00e1 oficina c\u00eanica e levar\u00e1 o espet\u00e1culo \u201cSegunda Pele\u201d ao Sesc Caruaru"},"content":{"rendered":"<div class=\"separator\" style=\"clear: both; text-align: center;\">\n<a href=\"https:\/\/2.bp.blogspot.com\/-JkjBdiLzUfs\/W0USVI3T5EI\/AAAAAAAA2K8\/nYf3WnEIaZ4VrnjtlXLqsp9OxFTufWwbACLcBGAs\/s1600\/palco.jpg\" imageanchor=\"1\" style=\"margin-left: 1em; margin-right: 1em;\"><img loading=\"lazy\" decoding=\"async\" border=\"0\" data-original-height=\"1067\" data-original-width=\"1600\" height=\"426\" src=\"http:\/\/blogdoedvaldomagalhaes.com.br\/wp-content\/uploads\/2018\/07\/palco.jpg\" width=\"640\" \/><\/a><\/div>\n<div class=\"separator\" style=\"clear: both; text-align: center;\">\nCr\u00e9dito da Foto: Ju Brainer<\/div>\n<div style=\"text-align: justify;\">\n<\/div>\n<div style=\"text-align: justify;\">\nQuantas peles habitam nosso corpo? Com esse questionamento, o grupo Coletivo Lugar Comum, do Recife, apresenta o espet\u00e1culo \u201cSegunda Pele\u201d que faz parte do projeto Palco Girat\u00f3rio do Sesc, e chega a Caruaru no dia 18 de julho, \u00e0s 20h, no Teatro Rui Limeira Rosal. Os ingressos custam R$ 20, mas os trabalhadores do com\u00e9rcio de bens, servi\u00e7os e turismo t\u00eam desconto e pagam R$ 10.<\/div>\n<div style=\"text-align: justify;\">\n<\/div>\n<div style=\"text-align: justify;\">\nNa v\u00e9spera do espet\u00e1culo, na ter\u00e7a-feira (17\/07), o grupo vai realizar oficina gratuita com exerc\u00edcios c\u00eanicos na Sala de Dan\u00e7a do Sesc Caruaru para pessoas com mais de 16 anos. A oficina vai ocorrer em dois hor\u00e1rios: das 15h \u00e0s 18h e das 19h \u00e0s 21h. As inscri\u00e7\u00f5es come\u00e7am na segunda (09\/07) e podem ser feitas no Ponto de Relacionamento com Clientes do Sesc.<\/div>\n<div style=\"text-align: justify;\">\n<\/div>\n<div style=\"text-align: justify;\">\nSegunda Pele \u00e9 um espet\u00e1culo que mostra corpos em transforma\u00e7\u00e3o, movimentando entendimentos sobre a diversidade corp\u00f3rea, pelas infinitas possibilidades do ser, e por tudo que ainda precisa ser discutido sobre padr\u00f5es vigentes em nossa sociedade. Nessa ambienta\u00e7\u00e3o de peles que escamam ao longo da cena, revelam-se hist\u00f3rias e experi\u00eancias de vida das quatro dan\u00e7arinas do elenco. A pe\u00e7a ser\u00e1 encenada pelo Coletivo Lugar Comum, que atua h\u00e1 11 anos no Recife, reunindo 14 artistas da dan\u00e7a, teatro, m\u00fasica, artes visuais, performance e literatura.<\/div>\n<div style=\"text-align: justify;\">\n<\/div>\n<div style=\"text-align: justify;\">\n<b>Palco Girat\u00f3rio <\/b>\u2013 \u00e9 um projeto consolidado no cen\u00e1rio cultural brasileiro e de import\u00e2ncia especial para munic\u00edpios do interior, cujas popula\u00e7\u00f5es encontram mais dificuldade em acessar uma produ\u00e7\u00e3o art\u00edstica diversificada e continuada. A grande capilaridade do Sesc possibilita que todos os estados brasileiros recebam o projeto. Cada vez mais alcan\u00e7a n\u00e3o apenas as capitais, mas tamb\u00e9m as pequenas cidades, descentralizando a arte e estabelecendo outras redes de circula\u00e7\u00e3o e interc\u00e2mbio no pa\u00eds.&nbsp;<\/div>\n","protected":false},"excerpt":{"rendered":"<p>Cr\u00e9dito da Foto: Ju Brainer Quantas peles habitam nosso corpo? Com esse questionamento, o grupo Coletivo Lugar Comum, do Recife,&hellip;<\/p>\n","protected":false},"author":1,"featured_media":0,"comment_status":"open","ping_status":"open","sticky":false,"template":"","format":"standard","meta":{"footnotes":""},"categories":[1],"tags":[2,6,1823],"class_list":["post-1802","post","type-post","status-publish","format-standard","hentry","category-sem-categoria","tag-blog-do-edvaldo-magalhaes","tag-noticias","tag-palco-giratorio-fara-oficina-cenica-e-levara-o-espetaculo-segunda-pele-ao-sesc-caruaru"],"_links":{"self":[{"href":"https:\/\/blogdoedvaldomagalhaes.com.br\/index.php\/wp-json\/wp\/v2\/posts\/1802","targetHints":{"allow":["GET"]}}],"collection":[{"href":"https:\/\/blogdoedvaldomagalhaes.com.br\/index.php\/wp-json\/wp\/v2\/posts"}],"about":[{"href":"https:\/\/blogdoedvaldomagalhaes.com.br\/index.php\/wp-json\/wp\/v2\/types\/post"}],"author":[{"embeddable":true,"href":"https:\/\/blogdoedvaldomagalhaes.com.br\/index.php\/wp-json\/wp\/v2\/users\/1"}],"replies":[{"embeddable":true,"href":"https:\/\/blogdoedvaldomagalhaes.com.br\/index.php\/wp-json\/wp\/v2\/comments?post=1802"}],"version-history":[{"count":1,"href":"https:\/\/blogdoedvaldomagalhaes.com.br\/index.php\/wp-json\/wp\/v2\/posts\/1802\/revisions"}],"predecessor-version":[{"id":32701,"href":"https:\/\/blogdoedvaldomagalhaes.com.br\/index.php\/wp-json\/wp\/v2\/posts\/1802\/revisions\/32701"}],"wp:attachment":[{"href":"https:\/\/blogdoedvaldomagalhaes.com.br\/index.php\/wp-json\/wp\/v2\/media?parent=1802"}],"wp:term":[{"taxonomy":"category","embeddable":true,"href":"https:\/\/blogdoedvaldomagalhaes.com.br\/index.php\/wp-json\/wp\/v2\/categories?post=1802"},{"taxonomy":"post_tag","embeddable":true,"href":"https:\/\/blogdoedvaldomagalhaes.com.br\/index.php\/wp-json\/wp\/v2\/tags?post=1802"}],"curies":[{"name":"wp","href":"https:\/\/api.w.org\/{rel}","templated":true}]}}