{"id":1800,"date":"2018-07-10T20:28:00","date_gmt":"2018-07-10T23:28:00","guid":{"rendered":"http:\/\/blogdoedvaldomagalhaes.com.br\/index.php\/2018\/07\/10\/homicidio-homem-que-foi-baleado-ha-mais\/"},"modified":"2019-02-09T02:24:23","modified_gmt":"2019-02-09T04:24:23","slug":"homicidio-homem-que-foi-baleado-ha-mais","status":"publish","type":"post","link":"https:\/\/blogdoedvaldomagalhaes.com.br\/index.php\/2018\/07\/10\/homicidio-homem-que-foi-baleado-ha-mais\/","title":{"rendered":"Homic\u00eddio: Homem que foi baleado h\u00e1 mais de dois meses em Caruaru morre no HRA"},"content":{"rendered":"<div class=\"separator\" style=\"clear: both; text-align: center;\">\n<a href=\"https:\/\/3.bp.blogspot.com\/-reF3_FMDcRI\/W0UWlk7cSrI\/AAAAAAAA2LU\/h54LE5DRE40JtwOFeZrwZRCfmtOuf91nQCLcBGAs\/s1600\/hra.jpg\" imageanchor=\"1\" style=\"margin-left: 1em; margin-right: 1em;\"><img loading=\"lazy\" decoding=\"async\" border=\"0\" data-original-height=\"375\" data-original-width=\"660\" height=\"362\" src=\"http:\/\/blogdoedvaldomagalhaes.com.br\/wp-content\/uploads\/2018\/07\/hra-1.jpg\" width=\"640\" \/><\/a><\/div>\n<div style=\"background-color: white; box-sizing: border-box; line-height: 24px; margin-bottom: 10px; text-align: justify;\">\n<\/div>\n<div style=\"background-color: white; box-sizing: border-box; line-height: 24px; margin-bottom: 10px; text-align: justify;\">\nMorreu nesta ter\u00e7a-feira (10), no Hospital Regional do Agreste (HRA), um homem que foi baleado h\u00e1 dois meses e meio, em Caruaru. Ot\u00e1vio Marques da Silva, 64 anos, foi atingido com dois tiros no dia 23 de abril, quando visitava um de seus im\u00f3veis, no bairro S\u00e3o Francisco.<\/div>\n<div style=\"background-color: white; box-sizing: border-box; line-height: 24px; margin-bottom: 10px; text-align: justify;\">\nNo dia da ocorr\u00eancia, policiais da Delegacia de Homic\u00eddios prenderam Victor Hugo Justino da Silva, 24 anos, e apreenderam um adolescente de 14 anos. Com os dois, que confessaram o crime, a pol\u00edcia apreendeu 9 pedras de crack, uma por\u00e7\u00e3o de maconha e 120 reais.<\/div>\n<div style=\"background-color: white; box-sizing: border-box; line-height: 24px; margin-bottom: 10px; text-align: justify;\">\n<\/div>\n<div class=\"separator\" style=\"clear: both; text-align: center;\">\n<a href=\"https:\/\/4.bp.blogspot.com\/-nsBCCMLJ9bo\/W0UWttX-pNI\/AAAAAAAA2LY\/2jSPUEhhHccgpr0vTXZVnnTe-ipSMeEfgCLcBGAs\/s1600\/vitima.jpg\" imageanchor=\"1\" style=\"margin-left: 1em; margin-right: 1em;\"><img loading=\"lazy\" decoding=\"async\" border=\"0\" data-original-height=\"293\" data-original-width=\"220\" height=\"640\" src=\"http:\/\/blogdoedvaldomagalhaes.com.br\/wp-content\/uploads\/2018\/07\/vitima.jpg\" width=\"480\" \/><\/a><\/div>\n<div style=\"background-color: white; box-sizing: border-box; line-height: 24px; margin-bottom: 10px; text-align: justify;\">\n<\/div>\n<p><\/p>\n<div style=\"background-color: white; box-sizing: border-box; line-height: 24px; margin-bottom: 10px; text-align: justify;\">\n<\/div>\n<div class=\"sharedaddy sd-sharing-enabled\" style=\"background-color: white; box-sizing: border-box; clear: both;\">\n<\/div>\n<p><\/p>\n<div style=\"-webkit-text-stroke-width: 0px; background-color: white; box-sizing: border-box; font-style: normal; font-variant-caps: normal; font-variant-ligatures: normal; font-weight: 400; letter-spacing: normal; line-height: 24px; margin: 0px 0px 10px; orphans: 2; text-align: justify; text-decoration-color: initial; text-decoration-style: initial; text-indent: 0px; text-transform: none; white-space: normal; widows: 2; word-spacing: 0px;\">\nCom a morte do idoso, aumenta a estat\u00edstica da viol\u00eancia em Caruaru. Em julho, o n\u00famero de homic\u00eddios subiu para 6 e de janeiro at\u00e9 agora j\u00e1 s\u00e3o 97 assassinatos no munic\u00edpio.<\/div>\n<div style=\"-webkit-text-stroke-width: 0px; background-color: white; box-sizing: border-box; font-style: normal; font-variant-caps: normal; font-variant-ligatures: normal; font-weight: 400; letter-spacing: normal; line-height: 24px; margin: 0px 0px 10px; orphans: 2; text-align: justify; text-decoration-color: initial; text-decoration-style: initial; text-indent: 0px; text-transform: none; white-space: normal; widows: 2; word-spacing: 0px;\">\nInforma\u00e7\u00f5es da R\u00e1dio Liberdade.<\/div>\n","protected":false},"excerpt":{"rendered":"<p>Morreu nesta ter\u00e7a-feira (10), no Hospital Regional do Agreste (HRA), um homem que foi baleado h\u00e1 dois meses e meio,&hellip;<\/p>\n","protected":false},"author":1,"featured_media":0,"comment_status":"open","ping_status":"open","sticky":false,"template":"","format":"standard","meta":{"footnotes":""},"categories":[1],"tags":[2,1821,13],"class_list":["post-1800","post","type-post","status-publish","format-standard","hentry","category-sem-categoria","tag-blog-do-edvaldo-magalhaes","tag-homicidio-homem-que-foi-baleado-ha-mais-de-dois-meses-em-caruaru-morre-no-hra","tag-policial"],"_links":{"self":[{"href":"https:\/\/blogdoedvaldomagalhaes.com.br\/index.php\/wp-json\/wp\/v2\/posts\/1800","targetHints":{"allow":["GET"]}}],"collection":[{"href":"https:\/\/blogdoedvaldomagalhaes.com.br\/index.php\/wp-json\/wp\/v2\/posts"}],"about":[{"href":"https:\/\/blogdoedvaldomagalhaes.com.br\/index.php\/wp-json\/wp\/v2\/types\/post"}],"author":[{"embeddable":true,"href":"https:\/\/blogdoedvaldomagalhaes.com.br\/index.php\/wp-json\/wp\/v2\/users\/1"}],"replies":[{"embeddable":true,"href":"https:\/\/blogdoedvaldomagalhaes.com.br\/index.php\/wp-json\/wp\/v2\/comments?post=1800"}],"version-history":[{"count":1,"href":"https:\/\/blogdoedvaldomagalhaes.com.br\/index.php\/wp-json\/wp\/v2\/posts\/1800\/revisions"}],"predecessor-version":[{"id":32706,"href":"https:\/\/blogdoedvaldomagalhaes.com.br\/index.php\/wp-json\/wp\/v2\/posts\/1800\/revisions\/32706"}],"wp:attachment":[{"href":"https:\/\/blogdoedvaldomagalhaes.com.br\/index.php\/wp-json\/wp\/v2\/media?parent=1800"}],"wp:term":[{"taxonomy":"category","embeddable":true,"href":"https:\/\/blogdoedvaldomagalhaes.com.br\/index.php\/wp-json\/wp\/v2\/categories?post=1800"},{"taxonomy":"post_tag","embeddable":true,"href":"https:\/\/blogdoedvaldomagalhaes.com.br\/index.php\/wp-json\/wp\/v2\/tags?post=1800"}],"curies":[{"name":"wp","href":"https:\/\/api.w.org\/{rel}","templated":true}]}}