{"id":1799,"date":"2018-07-10T21:15:00","date_gmt":"2018-07-11T00:15:00","guid":{"rendered":"http:\/\/blogdoedvaldomagalhaes.com.br\/index.php\/2018\/07\/10\/delegacia-de-plantao-de-caruaru-sai-do\/"},"modified":"2019-02-09T02:24:23","modified_gmt":"2019-02-09T04:24:23","slug":"delegacia-de-plantao-de-caruaru-sai-do","status":"publish","type":"post","link":"https:\/\/blogdoedvaldomagalhaes.com.br\/index.php\/2018\/07\/10\/delegacia-de-plantao-de-caruaru-sai-do\/","title":{"rendered":"Delegacia de Plant\u00e3o de Caruaru sai do centro e vai para novo local"},"content":{"rendered":"<div class=\"separator\" style=\"clear: both; text-align: center;\">\n<a href=\"https:\/\/4.bp.blogspot.com\/-mpjS8fHZ5AU\/W0UhYXktiKI\/AAAAAAAA2Ls\/9CrsL6JVL7YOyCNmLafzcH-slbvHg5_pQCLcBGAs\/s1600\/dp.jpg\" imageanchor=\"1\" style=\"margin-left: 1em; margin-right: 1em;\"><img loading=\"lazy\" decoding=\"async\" border=\"0\" data-original-height=\"392\" data-original-width=\"696\" height=\"360\" src=\"http:\/\/blogdoedvaldomagalhaes.com.br\/wp-content\/uploads\/2018\/07\/dp-1.jpg\" width=\"640\" \/><\/a><\/div>\n<div class=\"separator\" style=\"clear: both; text-align: center;\">\nFoto: Dayvson Robert<\/div>\n<p><\/p>\n<div style=\"background-color: white; box-sizing: border-box; line-height: 26px; margin-bottom: 26px; text-align: justify; word-wrap: break-word;\">\nA Delegacia de Plant\u00e3o de Caruaru, onde eram registradas as den\u00fancias e pris\u00f5es em flagrante, mudou para novo endere\u00e7o na tarde desta ter\u00e7a-feira (10). A delegacia funcionar\u00e1 ao lado do 4\u00b0BPM e do Terminal Rodovi\u00e1rio da cidade, no bairro Pinheir\u00f3polis.<\/div>\n","protected":false},"excerpt":{"rendered":"<p>Foto: Dayvson Robert A Delegacia de Plant\u00e3o de Caruaru, onde eram registradas as den\u00fancias e pris\u00f5es em flagrante, mudou para&hellip;<\/p>\n","protected":false},"author":1,"featured_media":0,"comment_status":"open","ping_status":"open","sticky":false,"template":"","format":"standard","meta":{"footnotes":""},"categories":[1],"tags":[2,1820,13],"class_list":["post-1799","post","type-post","status-publish","format-standard","hentry","category-sem-categoria","tag-blog-do-edvaldo-magalhaes","tag-delegacia-de-plantao-de-caruaru-sai-do-centro-e-vai-para-novo-local","tag-policial"],"_links":{"self":[{"href":"https:\/\/blogdoedvaldomagalhaes.com.br\/index.php\/wp-json\/wp\/v2\/posts\/1799","targetHints":{"allow":["GET"]}}],"collection":[{"href":"https:\/\/blogdoedvaldomagalhaes.com.br\/index.php\/wp-json\/wp\/v2\/posts"}],"about":[{"href":"https:\/\/blogdoedvaldomagalhaes.com.br\/index.php\/wp-json\/wp\/v2\/types\/post"}],"author":[{"embeddable":true,"href":"https:\/\/blogdoedvaldomagalhaes.com.br\/index.php\/wp-json\/wp\/v2\/users\/1"}],"replies":[{"embeddable":true,"href":"https:\/\/blogdoedvaldomagalhaes.com.br\/index.php\/wp-json\/wp\/v2\/comments?post=1799"}],"version-history":[{"count":1,"href":"https:\/\/blogdoedvaldomagalhaes.com.br\/index.php\/wp-json\/wp\/v2\/posts\/1799\/revisions"}],"predecessor-version":[{"id":32708,"href":"https:\/\/blogdoedvaldomagalhaes.com.br\/index.php\/wp-json\/wp\/v2\/posts\/1799\/revisions\/32708"}],"wp:attachment":[{"href":"https:\/\/blogdoedvaldomagalhaes.com.br\/index.php\/wp-json\/wp\/v2\/media?parent=1799"}],"wp:term":[{"taxonomy":"category","embeddable":true,"href":"https:\/\/blogdoedvaldomagalhaes.com.br\/index.php\/wp-json\/wp\/v2\/categories?post=1799"},{"taxonomy":"post_tag","embeddable":true,"href":"https:\/\/blogdoedvaldomagalhaes.com.br\/index.php\/wp-json\/wp\/v2\/tags?post=1799"}],"curies":[{"name":"wp","href":"https:\/\/api.w.org\/{rel}","templated":true}]}}