{"id":1798,"date":"2018-07-10T21:24:00","date_gmt":"2018-07-11T00:24:00","guid":{"rendered":"http:\/\/blogdoedvaldomagalhaes.com.br\/index.php\/2018\/07\/10\/lojas-de-caruaru-estarao-fechadas-dia\/"},"modified":"2019-02-09T02:24:23","modified_gmt":"2019-02-09T04:24:23","slug":"lojas-de-caruaru-estarao-fechadas-dia","status":"publish","type":"post","link":"https:\/\/blogdoedvaldomagalhaes.com.br\/index.php\/2018\/07\/10\/lojas-de-caruaru-estarao-fechadas-dia\/","title":{"rendered":"Lojas de Caruaru estar\u00e3o fechadas dia 16, incluindo o Parque 18 de Maio"},"content":{"rendered":"<div class=\"separator\" style=\"clear: both; text-align: center;\">\n<a href=\"https:\/\/4.bp.blogspot.com\/-IPEtBVlkpts\/W0UjrWFC9VI\/AAAAAAAA2L4\/mkFMz9VK79YfSHnSEKtlfKgGt4G-zJgLgCLcBGAs\/s1600\/dia%255B.jpg\" imageanchor=\"1\" style=\"margin-left: 1em; margin-right: 1em;\"><img loading=\"lazy\" decoding=\"async\" border=\"0\" data-original-height=\"495\" data-original-width=\"660\" height=\"480\" src=\"http:\/\/blogdoedvaldomagalhaes.com.br\/wp-content\/uploads\/2018\/07\/dia5B.jpg\" width=\"640\" \/><\/a><\/div>\n<div style=\"background-color: white; box-sizing: border-box; line-height: 26px; margin-bottom: 26px; text-align: justify; word-wrap: break-word;\">\n<\/div>\n<div style=\"background-color: white; box-sizing: border-box; line-height: 26px; margin-bottom: 26px; text-align: justify; word-wrap: break-word;\">\nA data comemorativa do Dia do Comerci\u00e1rio para o Parque 18 de Maio foi mantida para o dia 16 de julho, a terceira segunda-feira do m\u00eas. Isso significa que, mesmo com a Feira da Sulanca funcionando normalmente na segunda, as lojas do Parque 18 de Maio estar\u00e3o fechadas.<\/div>\n<div style=\"background-color: white; box-sizing: border-box; line-height: 26px; margin-bottom: 26px; text-align: justify; word-wrap: break-word;\">\nEm nota, o Sindloja afirmou que ofereceu ao Sindecc a alternativa de transferir o feriado para este setor para o dia 8 de setembro e ainda garantir R$ 45 para os funcion\u00e1rios que trabalhassem neste dia, com o intuito de diminuir o preju\u00edzo financeiro dos lojistas do parque, por\u00e9m o Sindecc n\u00e3o aceitou a proposta.<\/div>\n<div class=\"td-g-rec td-g-rec-id-content_inlineleft \" style=\"background-color: white; box-sizing: border-box; float: left;\">\n<\/div>\n<div style=\"background-color: white; box-sizing: border-box; line-height: 26px; margin-bottom: 26px; text-align: justify; word-wrap: break-word;\">\nPortanto, no dia 16 de julho estar\u00e3o fechadas as lojas do com\u00e9rcio em geral, do Parque 18 de Maio e dos centros comerciais de vendas (shoppings, Polo Caruaru e F\u00e1brica da Moda).<\/div>\n","protected":false},"excerpt":{"rendered":"<p>A data comemorativa do Dia do Comerci\u00e1rio para o Parque 18 de Maio foi mantida para o dia 16 de&hellip;<\/p>\n","protected":false},"author":1,"featured_media":0,"comment_status":"open","ping_status":"open","sticky":false,"template":"","format":"standard","meta":{"footnotes":""},"categories":[1],"tags":[2,1818,1819,6],"class_list":["post-1798","post","type-post","status-publish","format-standard","hentry","category-sem-categoria","tag-blog-do-edvaldo-magalhaes","tag-incluindo-o-parque-18-de-maio","tag-lojas-de-caruaru-estarao-fechadas-dia-16","tag-noticias"],"_links":{"self":[{"href":"https:\/\/blogdoedvaldomagalhaes.com.br\/index.php\/wp-json\/wp\/v2\/posts\/1798","targetHints":{"allow":["GET"]}}],"collection":[{"href":"https:\/\/blogdoedvaldomagalhaes.com.br\/index.php\/wp-json\/wp\/v2\/posts"}],"about":[{"href":"https:\/\/blogdoedvaldomagalhaes.com.br\/index.php\/wp-json\/wp\/v2\/types\/post"}],"author":[{"embeddable":true,"href":"https:\/\/blogdoedvaldomagalhaes.com.br\/index.php\/wp-json\/wp\/v2\/users\/1"}],"replies":[{"embeddable":true,"href":"https:\/\/blogdoedvaldomagalhaes.com.br\/index.php\/wp-json\/wp\/v2\/comments?post=1798"}],"version-history":[{"count":1,"href":"https:\/\/blogdoedvaldomagalhaes.com.br\/index.php\/wp-json\/wp\/v2\/posts\/1798\/revisions"}],"predecessor-version":[{"id":32710,"href":"https:\/\/blogdoedvaldomagalhaes.com.br\/index.php\/wp-json\/wp\/v2\/posts\/1798\/revisions\/32710"}],"wp:attachment":[{"href":"https:\/\/blogdoedvaldomagalhaes.com.br\/index.php\/wp-json\/wp\/v2\/media?parent=1798"}],"wp:term":[{"taxonomy":"category","embeddable":true,"href":"https:\/\/blogdoedvaldomagalhaes.com.br\/index.php\/wp-json\/wp\/v2\/categories?post=1798"},{"taxonomy":"post_tag","embeddable":true,"href":"https:\/\/blogdoedvaldomagalhaes.com.br\/index.php\/wp-json\/wp\/v2\/tags?post=1798"}],"curies":[{"name":"wp","href":"https:\/\/api.w.org\/{rel}","templated":true}]}}