{"id":1797,"date":"2018-07-10T22:17:00","date_gmt":"2018-07-11T01:17:00","guid":{"rendered":"http:\/\/blogdoedvaldomagalhaes.com.br\/index.php\/2018\/07\/10\/emprestimo-de-83-milhoes-de-reais\/"},"modified":"2019-02-09T02:24:27","modified_gmt":"2019-02-09T04:24:27","slug":"emprestimo-de-83-milhoes-de-reais","status":"publish","type":"post","link":"https:\/\/blogdoedvaldomagalhaes.com.br\/index.php\/2018\/07\/10\/emprestimo-de-83-milhoes-de-reais\/","title":{"rendered":"Empr\u00e9stimo de 83 milh\u00f5es de reais \u00e0 Prefeitura de Caruaru \u00e9 bloqueado pela Justi\u00e7a"},"content":{"rendered":"<div class=\"separator\" style=\"clear: both; text-align: center;\">\n<a href=\"https:\/\/2.bp.blogspot.com\/-bxky18OWy3M\/W0Uwah392EI\/AAAAAAAA2ME\/nHXG9iqnOLU8trmSvCbh8-GA4njr26LbwCLcBGAs\/s1600\/83.jpg\" imageanchor=\"1\" style=\"margin-left: 1em; margin-right: 1em;\"><img loading=\"lazy\" decoding=\"async\" border=\"0\" data-original-height=\"597\" data-original-width=\"1024\" height=\"370\" src=\"http:\/\/blogdoedvaldomagalhaes.com.br\/wp-content\/uploads\/2018\/07\/83.jpg\" width=\"640\" \/><\/a><\/div>\n<div class=\"separator\" style=\"clear: both; text-align: center;\">\nFoto ilustrativa<\/div>\n<div class=\"separator\" style=\"clear: both; text-align: center;\">\n<\/div>\n<div class=\"separator\" style=\"clear: both; text-align: center;\">\n<\/div>\n<div style=\"background-color: white; box-sizing: border-box; line-height: 24px; margin-bottom: 10px; text-align: justify;\">\nA Justi\u00e7a bloqueou o empr\u00e9stimo de 83 milh\u00f5es de reais da Prefeitura de Caruaru junto \u00e0 Caixa Econ\u00f4mica Federal. Uma liminar foi proferida pelo juiz Jos\u00e9 Adelmo Barbosa.<\/div>\n<div style=\"background-color: white; box-sizing: border-box; line-height: 24px; margin-bottom: 10px; text-align: justify;\">\nA prefeita Raquel Lyra n\u00e3o pode usar a primeira parcela do dinheiro dispon\u00edvel na conta da Prefeitura no valor de 8 milh\u00f5es e 300 mil reais. De acordo com o procurador Dimitre Bezerra, a gest\u00e3o municipal est\u00e1 proibida de iniciar licita\u00e7\u00f5es.<\/div>\n<p><\/p>\n<div style=\"-webkit-text-stroke-width: 0px; background-color: white; box-sizing: border-box; font-style: normal; font-variant-caps: normal; font-variant-ligatures: normal; font-weight: 400; letter-spacing: normal; line-height: 24px; margin: 0px 0px 10px; orphans: 2; text-align: justify; text-decoration-color: initial; text-decoration-style: initial; text-indent: 0px; text-transform: none; white-space: normal; widows: 2; word-spacing: 0px;\">\nA decis\u00e3o, baseada em uma a\u00e7\u00e3o popular do advogado Cl\u00e1udio Cumaru, determina que a prefeita aguarde a volta do juiz do primeiro grau, que avalia uma a\u00e7\u00e3o sobre os valores.<\/div>\n","protected":false},"excerpt":{"rendered":"<p>Foto ilustrativa A Justi\u00e7a bloqueou o empr\u00e9stimo de 83 milh\u00f5es de reais da Prefeitura de Caruaru junto \u00e0 Caixa Econ\u00f4mica&hellip;<\/p>\n","protected":false},"author":1,"featured_media":0,"comment_status":"open","ping_status":"open","sticky":false,"template":"","format":"standard","meta":{"footnotes":""},"categories":[1],"tags":[2,1817,20],"class_list":["post-1797","post","type-post","status-publish","format-standard","hentry","category-sem-categoria","tag-blog-do-edvaldo-magalhaes","tag-emprestimo-de-83-milhoes-de-reais-a-prefeitura-de-caruaru-e-bloqueado-pela-justica","tag-politica"],"_links":{"self":[{"href":"https:\/\/blogdoedvaldomagalhaes.com.br\/index.php\/wp-json\/wp\/v2\/posts\/1797","targetHints":{"allow":["GET"]}}],"collection":[{"href":"https:\/\/blogdoedvaldomagalhaes.com.br\/index.php\/wp-json\/wp\/v2\/posts"}],"about":[{"href":"https:\/\/blogdoedvaldomagalhaes.com.br\/index.php\/wp-json\/wp\/v2\/types\/post"}],"author":[{"embeddable":true,"href":"https:\/\/blogdoedvaldomagalhaes.com.br\/index.php\/wp-json\/wp\/v2\/users\/1"}],"replies":[{"embeddable":true,"href":"https:\/\/blogdoedvaldomagalhaes.com.br\/index.php\/wp-json\/wp\/v2\/comments?post=1797"}],"version-history":[{"count":1,"href":"https:\/\/blogdoedvaldomagalhaes.com.br\/index.php\/wp-json\/wp\/v2\/posts\/1797\/revisions"}],"predecessor-version":[{"id":32712,"href":"https:\/\/blogdoedvaldomagalhaes.com.br\/index.php\/wp-json\/wp\/v2\/posts\/1797\/revisions\/32712"}],"wp:attachment":[{"href":"https:\/\/blogdoedvaldomagalhaes.com.br\/index.php\/wp-json\/wp\/v2\/media?parent=1797"}],"wp:term":[{"taxonomy":"category","embeddable":true,"href":"https:\/\/blogdoedvaldomagalhaes.com.br\/index.php\/wp-json\/wp\/v2\/categories?post=1797"},{"taxonomy":"post_tag","embeddable":true,"href":"https:\/\/blogdoedvaldomagalhaes.com.br\/index.php\/wp-json\/wp\/v2\/tags?post=1797"}],"curies":[{"name":"wp","href":"https:\/\/api.w.org\/{rel}","templated":true}]}}