{"id":1796,"date":"2018-07-10T22:33:00","date_gmt":"2018-07-11T01:33:00","guid":{"rendered":"http:\/\/blogdoedvaldomagalhaes.com.br\/index.php\/2018\/07\/10\/prefeitura-de-caruaru-emite-nota-sobre-3\/"},"modified":"2019-02-09T02:24:28","modified_gmt":"2019-02-09T04:24:28","slug":"prefeitura-de-caruaru-emite-nota-sobre-3","status":"publish","type":"post","link":"https:\/\/blogdoedvaldomagalhaes.com.br\/index.php\/2018\/07\/10\/prefeitura-de-caruaru-emite-nota-sobre-3\/","title":{"rendered":"Prefeitura de Caruaru emite Nota sobre empr\u00e9stimo bloqueado pela Justi\u00e7a"},"content":{"rendered":"<div class=\"separator\" style=\"clear: both; text-align: center;\">\n<a href=\"https:\/\/1.bp.blogspot.com\/-XaF1imppIxo\/W0Uz8f84GFI\/AAAAAAAA2MQ\/vFGDepJJk6o4B9x4BrWjlydWBY9FvD--QCLcBGAs\/s1600\/IMG-20180710-WA0172.jpg\" imageanchor=\"1\" style=\"margin-left: 1em; margin-right: 1em;\"><img loading=\"lazy\" decoding=\"async\" border=\"0\" data-original-height=\"196\" data-original-width=\"257\" height=\"487\" src=\"http:\/\/blogdoedvaldomagalhaes.com.br\/wp-content\/uploads\/2018\/07\/IMG-20180710-WA0172.jpg\" width=\"640\" \/><\/a><\/div>\n<p><\/p>\n<div style=\"text-align: justify;\">\n<b>NOTA<\/b><\/div>\n<div style=\"text-align: justify;\">\n<\/div>\n<div style=\"text-align: justify;\">\nA Prefeitura de Caruaru se sente muito tranquila pelo questionamento da liminar que foi dada pelo juiz da 2\u00ba vara, que substitui o magistrado da 1\u00aa vara em suas f\u00e9rias. Esta n\u00e3o foi uma liminar que julgou o m\u00e9rito da a\u00e7\u00e3o popular, pois pede apenas que o munic\u00edpio se abstenha em usar os recursos do Finisa at\u00e9 que o juiz titular volte para decidir sobre o m\u00e9rito. O munic\u00edpio ir\u00e1 buscar os meios legais perante o Poder Judici\u00e1rio para demonstrar a regularidade de tudo o que foi questionado em sede da a\u00e7\u00e3o popular, bem como, buscar os recursos cab\u00edveis para rever a decis\u00e3o em quest\u00e3o. A Prefeitura ressalta que todo o procedimento j\u00e1 foi aprovado pela Secretaria do Tesouro Nacional, pelo Minist\u00e9rio da Fazenda e pela Caixa Econ\u00f4mica Federal. A gest\u00e3o municipal, mais uma vez, ter\u00e1 a oportunidade de mostrar a regularidade, de forma transparente, de tudo o que est\u00e1 sendo feito perante este financiamento, inclusive, assegura que os projetos e licita\u00e7\u00f5es para contrata\u00e7\u00e3o das obras de infraestrutura e saneamento continuar\u00e3o em curso para benef\u00edcio total da popula\u00e7\u00e3o, visto que n\u00e3o foram afetados pela decis\u00e3o em quest\u00e3o.<\/div>\n","protected":false},"excerpt":{"rendered":"<p>NOTA A Prefeitura de Caruaru se sente muito tranquila pelo questionamento da liminar que foi dada pelo juiz da 2\u00ba&hellip;<\/p>\n","protected":false},"author":1,"featured_media":0,"comment_status":"open","ping_status":"open","sticky":false,"template":"","format":"standard","meta":{"footnotes":""},"categories":[1],"tags":[2,20,1816],"class_list":["post-1796","post","type-post","status-publish","format-standard","hentry","category-sem-categoria","tag-blog-do-edvaldo-magalhaes","tag-politica","tag-prefeitura-de-caruaru-emite-nota-sobre-emprestimo-bloqueado-pela-justica"],"_links":{"self":[{"href":"https:\/\/blogdoedvaldomagalhaes.com.br\/index.php\/wp-json\/wp\/v2\/posts\/1796","targetHints":{"allow":["GET"]}}],"collection":[{"href":"https:\/\/blogdoedvaldomagalhaes.com.br\/index.php\/wp-json\/wp\/v2\/posts"}],"about":[{"href":"https:\/\/blogdoedvaldomagalhaes.com.br\/index.php\/wp-json\/wp\/v2\/types\/post"}],"author":[{"embeddable":true,"href":"https:\/\/blogdoedvaldomagalhaes.com.br\/index.php\/wp-json\/wp\/v2\/users\/1"}],"replies":[{"embeddable":true,"href":"https:\/\/blogdoedvaldomagalhaes.com.br\/index.php\/wp-json\/wp\/v2\/comments?post=1796"}],"version-history":[{"count":1,"href":"https:\/\/blogdoedvaldomagalhaes.com.br\/index.php\/wp-json\/wp\/v2\/posts\/1796\/revisions"}],"predecessor-version":[{"id":32714,"href":"https:\/\/blogdoedvaldomagalhaes.com.br\/index.php\/wp-json\/wp\/v2\/posts\/1796\/revisions\/32714"}],"wp:attachment":[{"href":"https:\/\/blogdoedvaldomagalhaes.com.br\/index.php\/wp-json\/wp\/v2\/media?parent=1796"}],"wp:term":[{"taxonomy":"category","embeddable":true,"href":"https:\/\/blogdoedvaldomagalhaes.com.br\/index.php\/wp-json\/wp\/v2\/categories?post=1796"},{"taxonomy":"post_tag","embeddable":true,"href":"https:\/\/blogdoedvaldomagalhaes.com.br\/index.php\/wp-json\/wp\/v2\/tags?post=1796"}],"curies":[{"name":"wp","href":"https:\/\/api.w.org\/{rel}","templated":true}]}}