{"id":1794,"date":"2018-07-11T10:04:00","date_gmt":"2018-07-11T13:04:00","guid":{"rendered":"http:\/\/blogdoedvaldomagalhaes.com.br\/index.php\/2018\/07\/11\/feira-da-sulanca-de-caruaru-sera\/"},"modified":"2019-02-09T02:24:28","modified_gmt":"2019-02-09T04:24:28","slug":"feira-da-sulanca-de-caruaru-sera","status":"publish","type":"post","link":"https:\/\/blogdoedvaldomagalhaes.com.br\/index.php\/2018\/07\/11\/feira-da-sulanca-de-caruaru-sera\/","title":{"rendered":"Feira da Sulanca de Caruaru ser\u00e1 realizada com o com\u00e9rcio fechado segunda-feira (16)"},"content":{"rendered":"<div class=\"separator\" style=\"clear: both; text-align: center;\">\n<a href=\"https:\/\/2.bp.blogspot.com\/-JIAPxFV3Z_E\/W0XV3OOxHXI\/AAAAAAAA2M0\/y7r5DxVv7_4gMLntcudqFvJc4UnJEkRlgCLcBGAs\/s1600\/foto.jpg\" imageanchor=\"1\" style=\"margin-left: 1em; margin-right: 1em;\"><img loading=\"lazy\" decoding=\"async\" border=\"0\" data-original-height=\"169\" data-original-width=\"300\" height=\"358\" src=\"http:\/\/blogdoedvaldomagalhaes.com.br\/wp-content\/uploads\/2018\/07\/foto-2.jpg\" width=\"640\" \/><\/a><\/div>\n<div style=\"background-color: white; box-sizing: border-box; line-height: 24px; margin-bottom: 10px; text-align: justify;\">\n<\/div>\n<div style=\"background-color: white; box-sizing: border-box; line-height: 24px; margin-bottom: 10px; text-align: justify;\">\nA Feira da Sulanca ser\u00e1 realizada normalmente na pr\u00f3xima segunda-feira (16), mesmo com o com\u00e9rcio fechado. Como n\u00e3o houve acordo entre Sindloja e Sindecc, as lojas do Centro de Caruaru, do Parque 18 de Maio e dos shoppings da cidade estar\u00e3o fechadas segunda-feira (16), Dia do Comerci\u00e1rio. Com isso, muitas pessoas deixar\u00e3o de fazer compras no com\u00e9rcio no dia de grande movimento com a realiza\u00e7\u00e3o da Feira da Sulanca.<\/p>\n<p>\nO Polo Caruaru n\u00e3o funcionar\u00e1 nesta segunda-feira (16), devido ao Dia do Comerci\u00e1rio. O feriado est\u00e1 previsto na cl\u00e1usula 52\u00aa da Conven\u00e7\u00e3o Coletiva de Trabalho (CCT), celebrada entre o Sindloja e o Sindecc. O Centro de Compras e Lazer retornar\u00e1 \u00e0s suas atividades normalmente na ter\u00e7a-feira (17), das 9h \u00e0s 18h.&nbsp;<\/p>\n<div>\n<\/div>\n<p>Os bancos, supermercados e a ind\u00fastria v\u00e3o funcionar normalmente,na segunda-feira (16).<\/p><\/div>\n<div style=\"background-color: white; box-sizing: border-box; line-height: 24px; margin-bottom: 10px; text-align: justify;\">\n<\/div>\n<div class=\"sharedaddy sd-sharing-enabled\" style=\"background-color: white; box-sizing: border-box; clear: both;\">\n<\/div>\n<div class=\"separator\" style=\"clear: both; text-align: center;\">\n<a href=\"https:\/\/3.bp.blogspot.com\/-r0olOxQ04nc\/W0X5jxV4bQI\/AAAAAAAA2NA\/YVBvDpFIwlQ2jA-pNw3BZQRb7L2dOY4OACLcBGAs\/s1600\/IMG-20180711-WA0010.jpg\" imageanchor=\"1\" style=\"margin-left: 1em; margin-right: 1em;\"><img loading=\"lazy\" decoding=\"async\" border=\"0\" data-original-height=\"960\" data-original-width=\"1280\" height=\"480\" src=\"http:\/\/blogdoedvaldomagalhaes.com.br\/wp-content\/uploads\/2018\/07\/IMG-20180711-WA0010.jpg\" width=\"640\" \/><\/a><\/div>\n<p><\/p>\n<div style=\"-webkit-text-stroke-width: 0px; background-color: white; box-sizing: border-box; font-style: normal; font-variant-caps: normal; font-variant-ligatures: normal; font-weight: 400; letter-spacing: normal; line-height: 24px; margin: 0px 0px 10px; orphans: 2; text-align: justify; text-decoration-color: initial; text-decoration-style: initial; text-indent: 0px; text-transform: none; white-space: normal; widows: 2; word-spacing: 0px;\">\n<\/div>\n","protected":false},"excerpt":{"rendered":"<p>A Feira da Sulanca ser\u00e1 realizada normalmente na pr\u00f3xima segunda-feira (16), mesmo com o com\u00e9rcio fechado. Como n\u00e3o houve acordo&hellip;<\/p>\n","protected":false},"author":1,"featured_media":0,"comment_status":"open","ping_status":"open","sticky":false,"template":"","format":"standard","meta":{"footnotes":""},"categories":[1],"tags":[2,1814,6],"class_list":["post-1794","post","type-post","status-publish","format-standard","hentry","category-sem-categoria","tag-blog-do-edvaldo-magalhaes","tag-feira-da-sulanca-de-caruaru-sera-realizada-com-o-comercio-fechado-segunda-feira-16","tag-noticias"],"_links":{"self":[{"href":"https:\/\/blogdoedvaldomagalhaes.com.br\/index.php\/wp-json\/wp\/v2\/posts\/1794","targetHints":{"allow":["GET"]}}],"collection":[{"href":"https:\/\/blogdoedvaldomagalhaes.com.br\/index.php\/wp-json\/wp\/v2\/posts"}],"about":[{"href":"https:\/\/blogdoedvaldomagalhaes.com.br\/index.php\/wp-json\/wp\/v2\/types\/post"}],"author":[{"embeddable":true,"href":"https:\/\/blogdoedvaldomagalhaes.com.br\/index.php\/wp-json\/wp\/v2\/users\/1"}],"replies":[{"embeddable":true,"href":"https:\/\/blogdoedvaldomagalhaes.com.br\/index.php\/wp-json\/wp\/v2\/comments?post=1794"}],"version-history":[{"count":1,"href":"https:\/\/blogdoedvaldomagalhaes.com.br\/index.php\/wp-json\/wp\/v2\/posts\/1794\/revisions"}],"predecessor-version":[{"id":32719,"href":"https:\/\/blogdoedvaldomagalhaes.com.br\/index.php\/wp-json\/wp\/v2\/posts\/1794\/revisions\/32719"}],"wp:attachment":[{"href":"https:\/\/blogdoedvaldomagalhaes.com.br\/index.php\/wp-json\/wp\/v2\/media?parent=1794"}],"wp:term":[{"taxonomy":"category","embeddable":true,"href":"https:\/\/blogdoedvaldomagalhaes.com.br\/index.php\/wp-json\/wp\/v2\/categories?post=1794"},{"taxonomy":"post_tag","embeddable":true,"href":"https:\/\/blogdoedvaldomagalhaes.com.br\/index.php\/wp-json\/wp\/v2\/tags?post=1794"}],"curies":[{"name":"wp","href":"https:\/\/api.w.org\/{rel}","templated":true}]}}