{"id":1793,"date":"2018-07-11T14:04:00","date_gmt":"2018-07-11T17:04:00","guid":{"rendered":"http:\/\/blogdoedvaldomagalhaes.com.br\/index.php\/2018\/07\/11\/menores-apreendidos-em-flagrante\/"},"modified":"2019-02-09T02:24:29","modified_gmt":"2019-02-09T04:24:29","slug":"menores-apreendidos-em-flagrante","status":"publish","type":"post","link":"https:\/\/blogdoedvaldomagalhaes.com.br\/index.php\/2018\/07\/11\/menores-apreendidos-em-flagrante\/","title":{"rendered":"Menores apreendidos em flagrante arrombado loja em Caruaru"},"content":{"rendered":"<div class=\"separator\" style=\"clear: both; text-align: center;\">\n<\/div>\n<div class=\"separator\" style=\"clear: both; text-align: center;\">\n<a href=\"https:\/\/4.bp.blogspot.com\/-SI9WgReHTK4\/W0YKeF8KuQI\/AAAAAAAA2NY\/XrPUVt2vtCoPUSvCHBPTwe69XhgXZdR7QCLcBGAs\/s1600\/IMG-20180711-WA0018.jpg\" imageanchor=\"1\" style=\"margin-left: 1em; margin-right: 1em;\"><img loading=\"lazy\" decoding=\"async\" border=\"0\" data-original-height=\"960\" data-original-width=\"1280\" height=\"480\" src=\"http:\/\/blogdoedvaldomagalhaes.com.br\/wp-content\/uploads\/2018\/07\/IMG-20180711-WA0018.jpg\" width=\"640\" \/><\/a><\/div>\n<div style=\"text-align: center;\">\nFotos: WhatsApp\/Cortesia<\/div>\n<div style=\"text-align: center;\">\n<\/div>\n<div style=\"text-align: justify;\">\nDois adolescentes foram apreendidos por policiais da ROCAM, ap\u00f3s arrombarem uma loja na rua Doutor J\u00falio de Melo, nas proximidades da Pra\u00e7a da Crian\u00e7a, em Caruaru, na madrugada desta quarta-feira (11). De acordo com o propriet\u00e1rio do estabelecimento, um policial passava pelo local quando observou algo estranho e abordou os suspeitos, um estava fora e o outro dentro loja.<\/p>\n<p><\/p>\n<div class=\"separator\" style=\"clear: both; text-align: center;\">\n<a href=\"https:\/\/3.bp.blogspot.com\/-XD_V0KZssxw\/W0ZMU0rdHWI\/AAAAAAAA2RA\/BiCwOQF7mQ8-sVrC829YLCwiKXv9d3CYgCLcBGAs\/s1600\/loja.jpg\" imageanchor=\"1\" style=\"margin-left: 1em; margin-right: 1em;\"><img loading=\"lazy\" decoding=\"async\" border=\"0\" data-original-height=\"960\" data-original-width=\"720\" height=\"640\" src=\"http:\/\/blogdoedvaldomagalhaes.com.br\/wp-content\/uploads\/2018\/07\/loja.jpg\" width=\"480\" \/><\/a><\/div>\n<p><\/div>\n<div style=\"text-align: justify;\">\nOs assaltos s\u00e3o constantes no entorno da Pra\u00e7a da Crian\u00e7a, segundo moradores e comerciantes da \u00e1rea.<\/div>\n<p><\/p>\n<div class=\"separator\" style=\"clear: both; text-align: center;\">\n<a href=\"https:\/\/3.bp.blogspot.com\/-aHy7vIU3B8o\/W0YKg0ZbXlI\/AAAAAAAA2Nc\/fy10kpLpTk0kx3LLa-lMsE1NZp1vCvIGgCLcBGAs\/s1600\/IMG-20180711-WA0015.jpg\" imageanchor=\"1\" style=\"margin-left: 1em; margin-right: 1em;\"><img loading=\"lazy\" decoding=\"async\" border=\"0\" data-original-height=\"720\" data-original-width=\"1280\" height=\"360\" src=\"http:\/\/blogdoedvaldomagalhaes.com.br\/wp-content\/uploads\/2018\/07\/IMG-20180711-WA0015.jpg\" width=\"640\" \/><\/a><\/div>\n<p><\/p>\n","protected":false},"excerpt":{"rendered":"<p>Fotos: WhatsApp\/Cortesia Dois adolescentes foram apreendidos por policiais da ROCAM, ap\u00f3s arrombarem uma loja na rua Doutor J\u00falio de Melo,&hellip;<\/p>\n","protected":false},"author":1,"featured_media":0,"comment_status":"open","ping_status":"open","sticky":false,"template":"","format":"standard","meta":{"footnotes":""},"categories":[1],"tags":[2,1813,13],"class_list":["post-1793","post","type-post","status-publish","format-standard","hentry","category-sem-categoria","tag-blog-do-edvaldo-magalhaes","tag-menores-apreendidos-em-flagrante-arrombado-loja-em-caruaru","tag-policial"],"_links":{"self":[{"href":"https:\/\/blogdoedvaldomagalhaes.com.br\/index.php\/wp-json\/wp\/v2\/posts\/1793","targetHints":{"allow":["GET"]}}],"collection":[{"href":"https:\/\/blogdoedvaldomagalhaes.com.br\/index.php\/wp-json\/wp\/v2\/posts"}],"about":[{"href":"https:\/\/blogdoedvaldomagalhaes.com.br\/index.php\/wp-json\/wp\/v2\/types\/post"}],"author":[{"embeddable":true,"href":"https:\/\/blogdoedvaldomagalhaes.com.br\/index.php\/wp-json\/wp\/v2\/users\/1"}],"replies":[{"embeddable":true,"href":"https:\/\/blogdoedvaldomagalhaes.com.br\/index.php\/wp-json\/wp\/v2\/comments?post=1793"}],"version-history":[{"count":1,"href":"https:\/\/blogdoedvaldomagalhaes.com.br\/index.php\/wp-json\/wp\/v2\/posts\/1793\/revisions"}],"predecessor-version":[{"id":32723,"href":"https:\/\/blogdoedvaldomagalhaes.com.br\/index.php\/wp-json\/wp\/v2\/posts\/1793\/revisions\/32723"}],"wp:attachment":[{"href":"https:\/\/blogdoedvaldomagalhaes.com.br\/index.php\/wp-json\/wp\/v2\/media?parent=1793"}],"wp:term":[{"taxonomy":"category","embeddable":true,"href":"https:\/\/blogdoedvaldomagalhaes.com.br\/index.php\/wp-json\/wp\/v2\/categories?post=1793"},{"taxonomy":"post_tag","embeddable":true,"href":"https:\/\/blogdoedvaldomagalhaes.com.br\/index.php\/wp-json\/wp\/v2\/tags?post=1793"}],"curies":[{"name":"wp","href":"https:\/\/api.w.org\/{rel}","templated":true}]}}