{"id":1791,"date":"2018-07-11T15:15:00","date_gmt":"2018-07-11T18:15:00","guid":{"rendered":"http:\/\/blogdoedvaldomagalhaes.com.br\/index.php\/2018\/07\/11\/decisao-da-copa-pernambuco-de-futsal-e\/"},"modified":"2019-02-09T02:24:38","modified_gmt":"2019-02-09T04:24:38","slug":"decisao-da-copa-pernambuco-de-futsal-e","status":"publish","type":"post","link":"https:\/\/blogdoedvaldomagalhaes.com.br\/index.php\/2018\/07\/11\/decisao-da-copa-pernambuco-de-futsal-e\/","title":{"rendered":"Decis\u00e3o da Copa Pernambuco de Futsal em Caruaru nesta quarta-feira (11)"},"content":{"rendered":"<div class=\"separator\" style=\"clear: both; text-align: center;\">\n<a href=\"https:\/\/1.bp.blogspot.com\/-td_SaIwrmts\/W0YeSSPcazI\/AAAAAAAA2PA\/BtD1GO_ivGcjMeU4rC_KoaigR1v-P6mCwCLcBGAs\/s1600\/IMG-20180711-WA0040.jpg\" imageanchor=\"1\" style=\"margin-left: 1em; margin-right: 1em;\"><img loading=\"lazy\" decoding=\"async\" border=\"0\" data-original-height=\"960\" data-original-width=\"1280\" height=\"480\" src=\"http:\/\/blogdoedvaldomagalhaes.com.br\/wp-content\/uploads\/2018\/07\/IMG-20180711-WA0040.jpg\" width=\"640\" \/><\/a><\/div>\n<div style=\"text-align: justify;\">\n<\/div>\n<div style=\"text-align: justify;\">\nO t\u00edtulo da Copa Pernambuco de Futsal 2018 ser\u00e1 decidido entre as equipe da Associa\u00e7\u00e3o Esportiva Caruaru (Asec) e Tamandar\u00e9, em duas partidas.<\/div>\n<div style=\"text-align: justify;\">\n<\/div>\n<div style=\"text-align: justify;\">\nO primeiro encontro entre os times&nbsp;ser\u00e1 nesta quarta-feira (11), contra a equipe de Tamandar\u00e9, no Gin\u00e1sio do Sesc, \u00e0s 21h, em Caruaru, com entrada franca. J\u00e1 a partida da volta ser\u00e1 na pr\u00f3xima sexta-feira (13), \u00e0s 21h, no Gin\u00e1sio Municipal de Tamandar\u00e9.<\/div>\n<div style=\"text-align: justify;\">\n<\/div>\n<div style=\"text-align: justify;\">\nA Asec \u00e9 a atual campe\u00e3 da competi\u00e7\u00e3o e os confrontos entre os times reeditam a final do Pernambucano da categoria, que ocorreu ano passado. Na ocasi\u00e3o a Asec sagro-se campe\u00e3 ao vencer os dois jogos do Estadual contra Tamandar\u00e9. Este ano as equipe j\u00e1 se enfrentaram e o jogo terminou empatado, em 2 a 2.<\/div>\n","protected":false},"excerpt":{"rendered":"<p>O t\u00edtulo da Copa Pernambuco de Futsal 2018 ser\u00e1 decidido entre as equipe da Associa\u00e7\u00e3o Esportiva Caruaru (Asec) e Tamandar\u00e9,&hellip;<\/p>\n","protected":false},"author":1,"featured_media":0,"comment_status":"open","ping_status":"open","sticky":false,"template":"","format":"standard","meta":{"footnotes":""},"categories":[1],"tags":[2,1811,3],"class_list":["post-1791","post","type-post","status-publish","format-standard","hentry","category-sem-categoria","tag-blog-do-edvaldo-magalhaes","tag-decisao-da-copa-pernambuco-de-futsal-em-caruaru-nesta-quarta-feira-11","tag-futebol"],"_links":{"self":[{"href":"https:\/\/blogdoedvaldomagalhaes.com.br\/index.php\/wp-json\/wp\/v2\/posts\/1791","targetHints":{"allow":["GET"]}}],"collection":[{"href":"https:\/\/blogdoedvaldomagalhaes.com.br\/index.php\/wp-json\/wp\/v2\/posts"}],"about":[{"href":"https:\/\/blogdoedvaldomagalhaes.com.br\/index.php\/wp-json\/wp\/v2\/types\/post"}],"author":[{"embeddable":true,"href":"https:\/\/blogdoedvaldomagalhaes.com.br\/index.php\/wp-json\/wp\/v2\/users\/1"}],"replies":[{"embeddable":true,"href":"https:\/\/blogdoedvaldomagalhaes.com.br\/index.php\/wp-json\/wp\/v2\/comments?post=1791"}],"version-history":[{"count":1,"href":"https:\/\/blogdoedvaldomagalhaes.com.br\/index.php\/wp-json\/wp\/v2\/posts\/1791\/revisions"}],"predecessor-version":[{"id":32736,"href":"https:\/\/blogdoedvaldomagalhaes.com.br\/index.php\/wp-json\/wp\/v2\/posts\/1791\/revisions\/32736"}],"wp:attachment":[{"href":"https:\/\/blogdoedvaldomagalhaes.com.br\/index.php\/wp-json\/wp\/v2\/media?parent=1791"}],"wp:term":[{"taxonomy":"category","embeddable":true,"href":"https:\/\/blogdoedvaldomagalhaes.com.br\/index.php\/wp-json\/wp\/v2\/categories?post=1791"},{"taxonomy":"post_tag","embeddable":true,"href":"https:\/\/blogdoedvaldomagalhaes.com.br\/index.php\/wp-json\/wp\/v2\/tags?post=1791"}],"curies":[{"name":"wp","href":"https:\/\/api.w.org\/{rel}","templated":true}]}}