{"id":1790,"date":"2018-07-11T17:13:00","date_gmt":"2018-07-11T20:13:00","guid":{"rendered":"http:\/\/blogdoedvaldomagalhaes.com.br\/index.php\/2018\/07\/11\/sanharo-tem-segundo-melhor-ensino-da\/"},"modified":"2019-02-09T02:24:38","modified_gmt":"2019-02-09T04:24:38","slug":"sanharo-tem-segundo-melhor-ensino-da","status":"publish","type":"post","link":"https:\/\/blogdoedvaldomagalhaes.com.br\/index.php\/2018\/07\/11\/sanharo-tem-segundo-melhor-ensino-da\/","title":{"rendered":"Sanhar\u00f3 tem segundo melhor ensino da regi\u00e3o nas s\u00e9ries iniciais"},"content":{"rendered":"<div class=\"separator\" style=\"clear: both; text-align: center;\">\n<a href=\"https:\/\/2.bp.blogspot.com\/-JClPinmrmCE\/W0Y6kZUCWkI\/AAAAAAAA2Q0\/xuZN238px7ckgNxem7H175zvHUBnqZk9gCLcBGAs\/s1600\/sanhar%25C3%25B3.jpg\" imageanchor=\"1\" style=\"margin-left: 1em; margin-right: 1em;\"><img loading=\"lazy\" decoding=\"async\" border=\"0\" data-original-height=\"682\" data-original-width=\"1024\" height=\"426\" src=\"http:\/\/blogdoedvaldomagalhaes.com.br\/wp-content\/uploads\/2018\/07\/sanharC3B3.jpg\" width=\"640\" \/><\/a><\/div>\n<p><\/p>\n<div style=\"text-align: justify;\">\nEm apenas um ano e meio de gest\u00e3o o trabalho desenvolvido pela Prefeitura de Sanhar\u00f3 j\u00e1 est\u00e1 transformando a Educa\u00e7\u00e3o no munic\u00edpio. A edi\u00e7\u00e3o 2017 do \u00cdndice de Desenvolvimento da Educa\u00e7\u00e3o B\u00e1sica de Pernambuco (IDEPE) mostra que o munic\u00edpio ficou em segundo lugar, nas s\u00e9ries iniciais, entre as 16 cidades da regi\u00e3o. O levantamento mostra ainda que e cidade ganhou posi\u00e7\u00f5es no ranking do Ensino Fundamental.<\/div>\n<div style=\"text-align: justify;\">\n<\/div>\n<div style=\"text-align: justify;\">\nDe acordo com a secret\u00e1ria de Educa\u00e7\u00e3o, Iris Avelino, esse resultado foi fruto de um trabalho em equipe e muito planejamento. \u201cEntre outras coisas, implantamos projetos educacionais importantes, como o Programa Alfabetizar com Sucesso (PAS), o Mais Educa\u00e7\u00e3o, e o Programa Fam\u00edlia na Escola\u201d.<\/div>\n<div style=\"text-align: justify;\">\n<\/div>\n<div style=\"text-align: justify;\">\nEla destacou outras a\u00e7\u00f5es que tamb\u00e9m contribu\u00edram para a melhoria do ensino, como o combate a evas\u00e3o escolar, a uniformiza\u00e7\u00e3o do conte\u00fado, capacita\u00e7\u00e3o dos professores, e a qualidade da merenda. \u201cCom o apoio do prefeito Heraldo Oliveira, que n\u00e3o mede esfor\u00e7os para valorizar a educa\u00e7\u00e3o, vamos melhorar ainda mais esses \u00edndices\u201d, completou Iris Avelino.<\/div>\n<div style=\"text-align: justify;\">\n<\/div>\n<div style=\"text-align: justify;\">\nO prefeito comemorou a conquista e anunciou novos investimentos na Educa\u00e7\u00e3o, como a entrega de Kits escolares e de fardamento. \u201cPara valorizar ainda mais os profissionais da \u00e1rea, vamos analisar a possibilidade de dar um b\u00f4nus para aqueles que contribu\u00edram efetivamente para melhorar os \u00edndices da Educa\u00e7\u00e3o em Sanhar\u00f3\u201d, prometeu Heraldo Oliveira.<\/div>\n<div style=\"text-align: justify;\">\n<\/div>\n","protected":false},"excerpt":{"rendered":"<p>Em apenas um ano e meio de gest\u00e3o o trabalho desenvolvido pela Prefeitura de Sanhar\u00f3 j\u00e1 est\u00e1 transformando a Educa\u00e7\u00e3o&hellip;<\/p>\n","protected":false},"author":1,"featured_media":0,"comment_status":"open","ping_status":"open","sticky":false,"template":"","format":"standard","meta":{"footnotes":""},"categories":[1],"tags":[2,6,1810],"class_list":["post-1790","post","type-post","status-publish","format-standard","hentry","category-sem-categoria","tag-blog-do-edvaldo-magalhaes","tag-noticias","tag-sanharo-tem-segundo-melhor-ensino-da-regiao-nas-series-iniciais"],"_links":{"self":[{"href":"https:\/\/blogdoedvaldomagalhaes.com.br\/index.php\/wp-json\/wp\/v2\/posts\/1790","targetHints":{"allow":["GET"]}}],"collection":[{"href":"https:\/\/blogdoedvaldomagalhaes.com.br\/index.php\/wp-json\/wp\/v2\/posts"}],"about":[{"href":"https:\/\/blogdoedvaldomagalhaes.com.br\/index.php\/wp-json\/wp\/v2\/types\/post"}],"author":[{"embeddable":true,"href":"https:\/\/blogdoedvaldomagalhaes.com.br\/index.php\/wp-json\/wp\/v2\/users\/1"}],"replies":[{"embeddable":true,"href":"https:\/\/blogdoedvaldomagalhaes.com.br\/index.php\/wp-json\/wp\/v2\/comments?post=1790"}],"version-history":[{"count":1,"href":"https:\/\/blogdoedvaldomagalhaes.com.br\/index.php\/wp-json\/wp\/v2\/posts\/1790\/revisions"}],"predecessor-version":[{"id":32738,"href":"https:\/\/blogdoedvaldomagalhaes.com.br\/index.php\/wp-json\/wp\/v2\/posts\/1790\/revisions\/32738"}],"wp:attachment":[{"href":"https:\/\/blogdoedvaldomagalhaes.com.br\/index.php\/wp-json\/wp\/v2\/media?parent=1790"}],"wp:term":[{"taxonomy":"category","embeddable":true,"href":"https:\/\/blogdoedvaldomagalhaes.com.br\/index.php\/wp-json\/wp\/v2\/categories?post=1790"},{"taxonomy":"post_tag","embeddable":true,"href":"https:\/\/blogdoedvaldomagalhaes.com.br\/index.php\/wp-json\/wp\/v2\/tags?post=1790"}],"curies":[{"name":"wp","href":"https:\/\/api.w.org\/{rel}","templated":true}]}}