{"id":179,"date":"2019-01-19T16:18:00","date_gmt":"2019-01-19T18:18:00","guid":{"rendered":"http:\/\/blogdoedvaldomagalhaes.com.br\/index.php\/2019\/01\/19\/nossa-avenida-oferecera-aula-de-ritmos\/"},"modified":"2019-02-09T02:49:53","modified_gmt":"2019-02-09T04:49:53","slug":"nossa-avenida-oferecera-aula-de-ritmos","status":"publish","type":"post","link":"https:\/\/blogdoedvaldomagalhaes.com.br\/index.php\/2019\/01\/19\/nossa-avenida-oferecera-aula-de-ritmos\/","title":{"rendered":"Nossa Avenida oferecer\u00e1 aula de ritmos, treino funcional e oficina de badminton neste domingo (20)"},"content":{"rendered":"<div class=\"separator\" style=\"clear: both; text-align: center;\">\n<a href=\"https:\/\/2.bp.blogspot.com\/-JGGXXkXj5H0\/XENNg830cpI\/AAAAAAABBRc\/ezOVqnwVJH4WB6LW3_Hs3WEPqMZGTBsoACLcBGAs\/s1600\/IMG-20190118-WA0084.jpg\" imageanchor=\"1\" style=\"margin-left: 1em; margin-right: 1em;\"><img loading=\"lazy\" decoding=\"async\" border=\"0\" data-original-height=\"851\" data-original-width=\"1280\" height=\"424\" src=\"http:\/\/blogdoedvaldomagalhaes.com.br\/wp-content\/uploads\/2019\/01\/IMG-20190118-WA0084.jpg\" width=\"640\" \/><\/a><\/div>\n<div style=\"text-align: justify;\">\n<\/div>\n<div style=\"text-align: justify;\">\nNeste terceiro domingo de 2019 (20.01.2019), o Projeto Nossa Avenida, de Caruaru, promove atividades de sa\u00fade e qualidade de vida na ciclofaixa da Agamenon Magalh\u00e3es. Profissionais de Educa\u00e7\u00e3o F\u00edsica e estagi\u00e1rios do projeto estar\u00e3o oferecendo aulas de gin\u00e1stica e ritmos das 08h30 \u00e0s 09h30, e de treino funcional, das 09h30 \u00e0s 10h30. Antes tem aquecimento e alongamento, \u00e0s 08h. Das 9h30 \u00e0s 10h30 ter\u00e1 tamb\u00e9m jogos esportivos e de mesa.<\/div>\n<div style=\"text-align: justify;\">\n<\/div>\n<div style=\"text-align: justify;\">\nNa parte da tarde, vai ser a segunda chance de fazer a aula de ritmos. A atividade ir\u00e1 acontecer paralelamente \u00e0 oficina de badminton, das 15h \u00e0s 17h. Durante todo o dia ser\u00e1 oferecido o servi\u00e7o de aferi\u00e7\u00e3o de press\u00e3o e tenda da leitura para a crian\u00e7ada. Lembrando que o funcionamento da ciclofaixa vai das 07h \u00e0s 19h.&nbsp;<\/div>\n<div style=\"text-align: justify;\">\n<\/div>\n<div style=\"text-align: justify;\">\nO Nossa Avenida \u00e9 uma iniciativa da Prefeitura de Caruaru, atrav\u00e9s da Secretaria de Desenvolvimento Social e Direitos Humanos, por meio da Ger\u00eancia de Esporte e Lazer, Funda\u00e7\u00e3o de Cultura e Turismo, Destra, Ordem P\u00fablica, Sa\u00fade e diversas secretarias integradas, al\u00e9m de parceiros.&nbsp;<\/div>\n<div style=\"text-align: justify;\">\n<\/div>\n<div style=\"text-align: justify;\">\n<b>Programa\u00e7\u00e3o deste domingo (20)<\/b><\/div>\n<div style=\"text-align: justify;\">\n<\/div>\n<div style=\"text-align: justify;\">\n8h &#8211; Aquecimento e alongamento.<\/div>\n<div style=\"text-align: justify;\">\n8h30 \u00e1s 9h30h \u2013 Aula de gin\u00e1stica e ritmos.<\/div>\n<div style=\"text-align: justify;\">\n9h30 \u00e0s 10h30 &#8211; Aula de Treino Funcional.<\/div>\n<div style=\"text-align: justify;\">\n9h30 \u00e1s 10h30 &#8211; Jogos esportivos e de mesa.<\/div>\n<div style=\"text-align: justify;\">\n15h \u00e1s 17h &#8211; Aula de ritmos e oficina de badminton<\/div>\n<div style=\"text-align: justify;\">\n* Aferi\u00e7\u00e3o de press\u00e3o e tenda da leitura para a crian\u00e7ada durante todo o dia<\/div>\n<div style=\"text-align: justify;\">\n<\/div>\n","protected":false},"excerpt":{"rendered":"<p>Neste terceiro domingo de 2019 (20.01.2019), o Projeto Nossa Avenida, de Caruaru, promove atividades de sa\u00fade e qualidade de vida&hellip;<\/p>\n","protected":false},"author":1,"featured_media":0,"comment_status":"open","ping_status":"open","sticky":false,"template":"","format":"standard","meta":{"footnotes":""},"categories":[1],"tags":[2,190,6,191],"class_list":["post-179","post","type-post","status-publish","format-standard","hentry","category-sem-categoria","tag-blog-do-edvaldo-magalhaes","tag-nossa-avenida-oferecera-aula-de-ritmos","tag-noticias","tag-treino-funcional-e-oficina-de-badminton-neste-domingo-20"],"_links":{"self":[{"href":"https:\/\/blogdoedvaldomagalhaes.com.br\/index.php\/wp-json\/wp\/v2\/posts\/179","targetHints":{"allow":["GET"]}}],"collection":[{"href":"https:\/\/blogdoedvaldomagalhaes.com.br\/index.php\/wp-json\/wp\/v2\/posts"}],"about":[{"href":"https:\/\/blogdoedvaldomagalhaes.com.br\/index.php\/wp-json\/wp\/v2\/types\/post"}],"author":[{"embeddable":true,"href":"https:\/\/blogdoedvaldomagalhaes.com.br\/index.php\/wp-json\/wp\/v2\/users\/1"}],"replies":[{"embeddable":true,"href":"https:\/\/blogdoedvaldomagalhaes.com.br\/index.php\/wp-json\/wp\/v2\/comments?post=179"}],"version-history":[{"count":1,"href":"https:\/\/blogdoedvaldomagalhaes.com.br\/index.php\/wp-json\/wp\/v2\/posts\/179\/revisions"}],"predecessor-version":[{"id":37570,"href":"https:\/\/blogdoedvaldomagalhaes.com.br\/index.php\/wp-json\/wp\/v2\/posts\/179\/revisions\/37570"}],"wp:attachment":[{"href":"https:\/\/blogdoedvaldomagalhaes.com.br\/index.php\/wp-json\/wp\/v2\/media?parent=179"}],"wp:term":[{"taxonomy":"category","embeddable":true,"href":"https:\/\/blogdoedvaldomagalhaes.com.br\/index.php\/wp-json\/wp\/v2\/categories?post=179"},{"taxonomy":"post_tag","embeddable":true,"href":"https:\/\/blogdoedvaldomagalhaes.com.br\/index.php\/wp-json\/wp\/v2\/tags?post=179"}],"curies":[{"name":"wp","href":"https:\/\/api.w.org\/{rel}","templated":true}]}}