{"id":1788,"date":"2018-07-11T22:28:00","date_gmt":"2018-07-12T01:28:00","guid":{"rendered":"http:\/\/blogdoedvaldomagalhaes.com.br\/index.php\/2018\/07\/11\/segundo-homicidio-em-caruaru-nesta-2\/"},"modified":"2019-02-09T02:24:39","modified_gmt":"2019-02-09T04:24:39","slug":"segundo-homicidio-em-caruaru-nesta-2","status":"publish","type":"post","link":"https:\/\/blogdoedvaldomagalhaes.com.br\/index.php\/2018\/07\/11\/segundo-homicidio-em-caruaru-nesta-2\/","title":{"rendered":"Segundo homic\u00eddio em Caruaru nesta quarta-feira (11)"},"content":{"rendered":"<div class=\"separator\" style=\"clear: both; text-align: center;\">\n<a href=\"http:\/\/blogdoedvaldomagalhaes.com.br\/wp-content\/uploads\/2018\/07\/IMG-20180711-WA0133-1024x576.jpg\" imageanchor=\"1\" style=\"margin-left: 1em; margin-right: 1em;\"><img decoding=\"async\" border=\"0\" data-original-height=\"585\" data-original-width=\"1040\" src=\"http:\/\/blogdoedvaldomagalhaes.com.br\/wp-content\/uploads\/2018\/07\/IMG-20180711-WA0133-1024x576.jpg\" \/><\/a><\/div>\n<div style=\"text-align: center;\">\nFoto: Renan da Funer\u00e1ria\/Cortesia<\/div>\n<div style=\"text-align: center;\">\n<\/div>\n<div style=\"text-align: justify;\">\nO segundo homic\u00eddio em Caruaru desta quarta-feira (11), aconteceu nesta noite na rua Arquimedes de Oliveira, no bairro Jardim Liberdade. A v\u00edtima foi Wanderson Ribeiro da Silva, de 25 anos, que morava na rua Bel\u00e9m de Capanema, no Alto da Banana, em Caruaru. Segundo informa\u00e7\u00f5es da pol\u00edcia, a v\u00edtima era usu\u00e1ria de drogas.<\/p>\n<p><\/p>\n<div class=\"separator\" style=\"clear: both; text-align: center;\">\n<a href=\"https:\/\/1.bp.blogspot.com\/-0mSS9pV46t4\/W0aKkWozYCI\/AAAAAAAA2Tk\/VKX9Y9XxsvwrK-xzsTK_6ePE8Pq3YgalQCLcBGAs\/s1600\/t%25C3%25A1.jpg\" imageanchor=\"1\" style=\"margin-left: 1em; margin-right: 1em;\"><img loading=\"lazy\" decoding=\"async\" border=\"0\" data-original-height=\"114\" data-original-width=\"114\" height=\"640\" src=\"http:\/\/blogdoedvaldomagalhaes.com.br\/wp-content\/uploads\/2018\/07\/tC3A1.jpg\" width=\"640\" \/><\/a><\/div>\n<div class=\"separator\" style=\"clear: both; text-align: center;\">\n<\/div>\n<p><\/div>\n<div style=\"text-align: justify;\">\nEste foi o 8\u00ba homic\u00eddio no m\u00eas de julho e o 99\u00ba do ano em Caruaru.<\/p>\n<p>A informa\u00e7\u00f5es e fotos s\u00e3o de Renan da Funer\u00e1ria.<\/p><\/div>\n","protected":false},"excerpt":{"rendered":"<p>Foto: Renan da Funer\u00e1ria\/Cortesia O segundo homic\u00eddio em Caruaru desta quarta-feira (11), aconteceu nesta noite na rua Arquimedes de Oliveira,&hellip;<\/p>\n","protected":false},"author":1,"featured_media":0,"comment_status":"open","ping_status":"open","sticky":false,"template":"","format":"standard","meta":{"footnotes":""},"categories":[1],"tags":[2,13,1807],"class_list":["post-1788","post","type-post","status-publish","format-standard","hentry","category-sem-categoria","tag-blog-do-edvaldo-magalhaes","tag-policial","tag-segundo-homicidio-em-caruaru-nesta-quarta-feira-11"],"_links":{"self":[{"href":"https:\/\/blogdoedvaldomagalhaes.com.br\/index.php\/wp-json\/wp\/v2\/posts\/1788","targetHints":{"allow":["GET"]}}],"collection":[{"href":"https:\/\/blogdoedvaldomagalhaes.com.br\/index.php\/wp-json\/wp\/v2\/posts"}],"about":[{"href":"https:\/\/blogdoedvaldomagalhaes.com.br\/index.php\/wp-json\/wp\/v2\/types\/post"}],"author":[{"embeddable":true,"href":"https:\/\/blogdoedvaldomagalhaes.com.br\/index.php\/wp-json\/wp\/v2\/users\/1"}],"replies":[{"embeddable":true,"href":"https:\/\/blogdoedvaldomagalhaes.com.br\/index.php\/wp-json\/wp\/v2\/comments?post=1788"}],"version-history":[{"count":1,"href":"https:\/\/blogdoedvaldomagalhaes.com.br\/index.php\/wp-json\/wp\/v2\/posts\/1788\/revisions"}],"predecessor-version":[{"id":32744,"href":"https:\/\/blogdoedvaldomagalhaes.com.br\/index.php\/wp-json\/wp\/v2\/posts\/1788\/revisions\/32744"}],"wp:attachment":[{"href":"https:\/\/blogdoedvaldomagalhaes.com.br\/index.php\/wp-json\/wp\/v2\/media?parent=1788"}],"wp:term":[{"taxonomy":"category","embeddable":true,"href":"https:\/\/blogdoedvaldomagalhaes.com.br\/index.php\/wp-json\/wp\/v2\/categories?post=1788"},{"taxonomy":"post_tag","embeddable":true,"href":"https:\/\/blogdoedvaldomagalhaes.com.br\/index.php\/wp-json\/wp\/v2\/tags?post=1788"}],"curies":[{"name":"wp","href":"https:\/\/api.w.org\/{rel}","templated":true}]}}