{"id":1786,"date":"2018-07-12T17:48:00","date_gmt":"2018-07-12T20:48:00","guid":{"rendered":"http:\/\/blogdoedvaldomagalhaes.com.br\/index.php\/2018\/07\/12\/morre-ex-diretor-da-casa-dos-pobres-sao\/"},"modified":"2019-02-09T02:24:41","modified_gmt":"2019-02-09T04:24:41","slug":"morre-ex-diretor-da-casa-dos-pobres-sao","status":"publish","type":"post","link":"https:\/\/blogdoedvaldomagalhaes.com.br\/index.php\/2018\/07\/12\/morre-ex-diretor-da-casa-dos-pobres-sao\/","title":{"rendered":"Morre ex-diretor da Casa dos Pobres S\u00e3o Francisco de Assis"},"content":{"rendered":"<div class=\"separator\" style=\"clear: both; text-align: center;\">\n<a href=\"https:\/\/2.bp.blogspot.com\/-EL66eE0188A\/W0eT5uk7JGI\/AAAAAAAA2V0\/sI9CwUjw7Tw-1vBTy8VrAZxHJY6MMuAHACLcBGAs\/s1600\/ele.jpg\" imageanchor=\"1\" style=\"margin-left: 1em; margin-right: 1em;\"><img loading=\"lazy\" decoding=\"async\" border=\"0\" data-original-height=\"466\" data-original-width=\"640\" height=\"464\" src=\"http:\/\/blogdoedvaldomagalhaes.com.br\/wp-content\/uploads\/2018\/07\/ele.jpg\" width=\"640\" \/><\/a><\/div>\n<div style=\"text-align: center;\">\nFoto: Reprodu\u00e7\u00e3o\/Facebook<\/div>\n<div style=\"text-align: center;\">\n<\/div>\n<div style=\"text-align: justify;\">\nFaleceu na manh\u00e3 desta quinta-feira (12), o ex-diretor da Casa dos Pobres S\u00e3o Francisco de Assis, o senhor Adelino Jos\u00e9 Salom\u00e3o. O corpo est\u00e1 sendo velado no cemit\u00e9rio Dom Bosco e o enterro acontece \u00e0s 09 horas desta sexta-feira (13).&nbsp; Adelino Jos\u00e9 Salom\u00e3o foi diretor da Casa dos Pobres por mais de 20 anos<\/div>\n","protected":false},"excerpt":{"rendered":"<p>Foto: Reprodu\u00e7\u00e3o\/Facebook Faleceu na manh\u00e3 desta quinta-feira (12), o ex-diretor da Casa dos Pobres S\u00e3o Francisco de Assis, o senhor&hellip;<\/p>\n","protected":false},"author":1,"featured_media":0,"comment_status":"open","ping_status":"open","sticky":false,"template":"","format":"standard","meta":{"footnotes":""},"categories":[1],"tags":[1804,2,1805,6],"class_list":["post-1786","post","type-post","status-publish","format-standard","hentry","category-sem-categoria","tag-adelino-jose-salomao","tag-blog-do-edvaldo-magalhaes","tag-morre-ex-diretor-da-casa-dos-pobres-sao-francisco-de-assis","tag-noticias"],"_links":{"self":[{"href":"https:\/\/blogdoedvaldomagalhaes.com.br\/index.php\/wp-json\/wp\/v2\/posts\/1786","targetHints":{"allow":["GET"]}}],"collection":[{"href":"https:\/\/blogdoedvaldomagalhaes.com.br\/index.php\/wp-json\/wp\/v2\/posts"}],"about":[{"href":"https:\/\/blogdoedvaldomagalhaes.com.br\/index.php\/wp-json\/wp\/v2\/types\/post"}],"author":[{"embeddable":true,"href":"https:\/\/blogdoedvaldomagalhaes.com.br\/index.php\/wp-json\/wp\/v2\/users\/1"}],"replies":[{"embeddable":true,"href":"https:\/\/blogdoedvaldomagalhaes.com.br\/index.php\/wp-json\/wp\/v2\/comments?post=1786"}],"version-history":[{"count":1,"href":"https:\/\/blogdoedvaldomagalhaes.com.br\/index.php\/wp-json\/wp\/v2\/posts\/1786\/revisions"}],"predecessor-version":[{"id":32749,"href":"https:\/\/blogdoedvaldomagalhaes.com.br\/index.php\/wp-json\/wp\/v2\/posts\/1786\/revisions\/32749"}],"wp:attachment":[{"href":"https:\/\/blogdoedvaldomagalhaes.com.br\/index.php\/wp-json\/wp\/v2\/media?parent=1786"}],"wp:term":[{"taxonomy":"category","embeddable":true,"href":"https:\/\/blogdoedvaldomagalhaes.com.br\/index.php\/wp-json\/wp\/v2\/categories?post=1786"},{"taxonomy":"post_tag","embeddable":true,"href":"https:\/\/blogdoedvaldomagalhaes.com.br\/index.php\/wp-json\/wp\/v2\/tags?post=1786"}],"curies":[{"name":"wp","href":"https:\/\/api.w.org\/{rel}","templated":true}]}}