{"id":1784,"date":"2018-07-12T18:14:00","date_gmt":"2018-07-12T21:14:00","guid":{"rendered":"http:\/\/blogdoedvaldomagalhaes.com.br\/index.php\/2018\/07\/12\/lojas-atacadistas-do-entorno-do-parque\/"},"modified":"2019-02-09T02:24:41","modified_gmt":"2019-02-09T04:24:41","slug":"lojas-atacadistas-do-entorno-do-parque","status":"publish","type":"post","link":"https:\/\/blogdoedvaldomagalhaes.com.br\/index.php\/2018\/07\/12\/lojas-atacadistas-do-entorno-do-parque\/","title":{"rendered":"Lojas atacadistas do entorno do Parque 18 de Maio v\u00e3o abrir no Dia do Comerci\u00e1rio em Caruaru"},"content":{"rendered":"<div class=\"separator\" style=\"clear: both; text-align: center;\">\n<a href=\"https:\/\/4.bp.blogspot.com\/-eikTYaEGpe4\/W0eaLz1gfnI\/AAAAAAAA2WU\/GZoyWfQAIPgvSW6YRXoNZ163AG_UC-87wCLcBGAs\/s1600\/foto.jpg\" imageanchor=\"1\" style=\"margin-left: 1em; margin-right: 1em;\"><img loading=\"lazy\" decoding=\"async\" border=\"0\" data-original-height=\"576\" data-original-width=\"1024\" height=\"354\" src=\"http:\/\/blogdoedvaldomagalhaes.com.br\/wp-content\/uploads\/2018\/07\/foto-3.jpg\" width=\"640\" \/><\/a><\/div>\n<p><\/p>\n<div style=\"background-color: white; box-sizing: border-box; line-height: 24px; margin-bottom: 10px; text-align: justify;\">\nAs lojas atacadistas localizadas no entorno do Parque 18 de Maio, onde \u00e9 realizada a Feira da Sulanca, poder\u00e3o abrir na pr\u00f3xima segunda-feira (16), Dia do Comerci\u00e1rio em Caruaru. No entanto, ter\u00e3o que fazer solicita\u00e7\u00e3o at\u00e9 esta quinta (12) ao Sindicato do Com\u00e9rcio Atacadista de Caruaru (Sincata) e ao Sindicato dos Empregados no Com\u00e9rcio de Caruaru (Sindecc).<\/p>\n<p>O presidente da Associa\u00e7\u00e3o Comercial e Empresarial de Caruaru (Acic), Pedro Miranda, foi entrevistado pela R\u00e1dio Liberdade e afirmou: &#8220;A Conven\u00e7\u00e3o Coletiva CCT 2017\/2018, assinada pelo Sindecc e o Sincata, garante em sua cl\u00e1usula 44, par\u00e1grafo segundo, a jornada de trabalho nos feriados que coincidirem com a realiza\u00e7\u00e3o da Feira da Sulanca, exclusivamente, para as empresas atacadistas estabelecidas no Parque 18 de Maio&#8221;, concluiu Pedro.<\/p><\/div>\n","protected":false},"excerpt":{"rendered":"<p>As lojas atacadistas localizadas no entorno do Parque 18 de Maio, onde \u00e9 realizada a Feira da Sulanca, poder\u00e3o abrir&hellip;<\/p>\n","protected":false},"author":1,"featured_media":0,"comment_status":"open","ping_status":"open","sticky":false,"template":"","format":"standard","meta":{"footnotes":""},"categories":[1],"tags":[2,1802,6],"class_list":["post-1784","post","type-post","status-publish","format-standard","hentry","category-sem-categoria","tag-blog-do-edvaldo-magalhaes","tag-lojas-atacadistas-do-entorno-do-parque-18-de-maio-vao-abrir-no-dia-do-comerciario-em-caruaru","tag-noticias"],"_links":{"self":[{"href":"https:\/\/blogdoedvaldomagalhaes.com.br\/index.php\/wp-json\/wp\/v2\/posts\/1784","targetHints":{"allow":["GET"]}}],"collection":[{"href":"https:\/\/blogdoedvaldomagalhaes.com.br\/index.php\/wp-json\/wp\/v2\/posts"}],"about":[{"href":"https:\/\/blogdoedvaldomagalhaes.com.br\/index.php\/wp-json\/wp\/v2\/types\/post"}],"author":[{"embeddable":true,"href":"https:\/\/blogdoedvaldomagalhaes.com.br\/index.php\/wp-json\/wp\/v2\/users\/1"}],"replies":[{"embeddable":true,"href":"https:\/\/blogdoedvaldomagalhaes.com.br\/index.php\/wp-json\/wp\/v2\/comments?post=1784"}],"version-history":[{"count":1,"href":"https:\/\/blogdoedvaldomagalhaes.com.br\/index.php\/wp-json\/wp\/v2\/posts\/1784\/revisions"}],"predecessor-version":[{"id":32753,"href":"https:\/\/blogdoedvaldomagalhaes.com.br\/index.php\/wp-json\/wp\/v2\/posts\/1784\/revisions\/32753"}],"wp:attachment":[{"href":"https:\/\/blogdoedvaldomagalhaes.com.br\/index.php\/wp-json\/wp\/v2\/media?parent=1784"}],"wp:term":[{"taxonomy":"category","embeddable":true,"href":"https:\/\/blogdoedvaldomagalhaes.com.br\/index.php\/wp-json\/wp\/v2\/categories?post=1784"},{"taxonomy":"post_tag","embeddable":true,"href":"https:\/\/blogdoedvaldomagalhaes.com.br\/index.php\/wp-json\/wp\/v2\/tags?post=1784"}],"curies":[{"name":"wp","href":"https:\/\/api.w.org\/{rel}","templated":true}]}}